{"id":8657,"date":"2016-06-08T14:27:14","date_gmt":"2016-06-08T14:27:14","guid":{"rendered":"https:\/\/dulcinee.org\/le-projet-victoria-fin-de-tournee\/"},"modified":"2019-08-11T17:00:40","modified_gmt":"2019-08-11T17:00:40","slug":"le-projet-victoria-fin-de-tournee","status":"publish","type":"post","link":"https:\/\/dulcinee.org\/fr\/le-projet-victoria-fin-de-tournee\/","title":{"rendered":"Le Projet Victoria, fin de tourn\u00e9e exceptionnelle!"},"content":{"rendered":"\n<p>Environ 800 personnes se sont rassembl\u00e9es, incluant 150 a\u00een\u00e9s en groupes organis\u00e9s, plus de 100 proches aidants et des professionnels des milieux m\u00e9dico-social et culturel, pour participer aux diverses activit\u00e9s : rencontre professionnelle, kiosques d&rsquo;informations, discussions, table ronde et spectacle <em>Victoria<\/em>.<\/p>\n\n<p>Un r\u00e9el moment de fiert\u00e9 et de confiance r\u00e9ciproque, d&rsquo;\u00e9coute et d&rsquo;engagement, qui a ouvert des portes pour l&rsquo;avenir, offrant une vision positive du vieillissement et de la perte d&rsquo;autonomie. Une occasion rare de valorisation, d\u2019apprentissage et de r\u00e9flexion autour d&rsquo;une oeuvre sensibilisatrice et n\u00e9cessaire. C&rsquo;\u00e9tait l&rsquo;occasion de validation et de r\u00e9flexion.<\/p>\n\n<p><a href=\"https:\/\/www.facebook.com\/Dulcin%C3%A9e-Langfelder-Cie-Dulcinea-Langfelder-Co-207649242587647\/photos\/?tab=album&amp;album_id=1219893774696517\" target=\"_blank\" rel=\"noreferrer noopener\">Retrouvez les photos de cette merveilleuse journ\u00e9e ici! <\/a><\/p>\n\n<p>MERCI! \u00e0 tous les participants et les organisateurs pour avoir fait de cette Journ\u00e9e un succ\u00e8s :<\/p>\n\n<p>Louise Matte, agente culturelle de la Maison de la Culture Frontenac, Nathalie Petrowski, Claire-Ac\u00e9lie S\u00e9nat, m\u00e9diatrice culturelle, Lucie Gagnon, directrice g\u00e9n\u00e9rale de l\u2019APPUI Montr\u00e9al, Sophie Jardon, formatrice de l\u2019\u00c9cole PRH, Marie-Christine Le Bourdais, conseill\u00e8re Soci\u00e9t\u00e9 Alzheimer de Montr\u00e9al, Dr David Lussier, directeur scientifique du Centre Avant\u00c2ges du CRIUGM , Olivier Ducray, r\u00e9alisateur <em>de La Vie des Gens, Patrik Marier, directeur scientifique du CREGES,<\/em>Jean-Luc Murray, directeur de l\u2019\u00e9ducation et de l\u2019action culturelle du Mus\u00e9e des Beaux arts de Montr\u00e9als, Nathalie Maill\u00e9, directrice g\u00e9n\u00e9rale du Conseil des Arts de Montr\u00e9al, Sophie Jardon formatrice de l\u2019\u00c9cole PRH, Jacinthe Duval, conseill\u00e8re Soci\u00e9t\u00e9 Alzheimer de Montr\u00e9al, Maude Thirian, Lupuna, Benjamin Broche, Am\u00e9lie Sauquet et Maxime Angibeault, Les Folies de Sophie, La Face Cach\u00e9e de la Pomme et Caf\u00e9 Rico.<\/p>\n\n<p>Fin de la tourn\u00e9e pilote, concr\u00e9tisation du Projet Victoria!<\/p>\n\n<p>Financ\u00e9e par le <em>Conseil des Arts de Montr\u00e9al,<\/em> la tourn\u00e9e Victoria 2015-2016 a permis d&rsquo;aboutir, gr\u00e2ce \u00e0 l&rsquo;engagement de plusieurs partenaires dont l&rsquo;APPUI pour les proches aidants, la Ville de Montr\u00e9al, Culture pour tous et la Soci\u00e9t\u00e9 Alzheimer de Montr\u00e9al, \u00e0 un Projet novateur : Le Projet Victoria.<\/p>\n\n<p>Con\u00e7u autour de <em>l&rsquo;oeuvre<\/em> du m\u00eame nom, il est n\u00e9 de la volont\u00e9 de rendre accessibles les bienfaits du spectacle Victoria \u00e0 la soci\u00e9t\u00e9 et vise \u00e0 rendre hommage aux personnes en perte d&rsquo;autonomie et \u00e0 ceux qui en prennent soin : les proches aidants et les professionnels soignants. V\u00e9ritable pont entre le milieu culturel et l\u2019univers m\u00e9dico-social, <em>le Projet Victoria<\/em>se veut le fer de lance d&rsquo;un mouvement pour le mieux vivre ensemble. <\/p>\n\n<p>MERCI! Aux diff\u00e9rents partenaires de la tourn\u00e9e 2015-2016! <\/p>\n\n<h4 class=\"wp-block-heading\">Aux diffuseurs :<\/h4>\n\n<p>Salle D\u00e9silets du C\u00e9gep Marie-Victorin, Maison de la Culture Ahuntsic-Cartierville, Maison de la Culture de Mercier, Maison culturelle et communautaire de Montr\u00e9al Nord, Salle Emile-Legault du C\u00e9gep St Laurent, Th\u00e9\u00e2tre Mirella et Lino Saputo du Centre Leonardo Da Vinci, Maison de la Culture Frontenac.<\/p>\n\n<h4 class=\"wp-block-heading\">Aux organismes participant aux activit\u00e9s Victoria :<\/h4>\n\n<p>Les Caf\u00e9s Alzheimer, L&rsquo;\u00c9cole PRH (Personnalit\u00e9s Relations Humaines), Centre de recherche de l&rsquo;IUGM, L&rsquo;Association des aphasiques, Centre du jour Berthiaume-du-Tremblay, Le Temps d&rsquo;une pause, Le Projet RAAJ, SPVM de Rivi\u00e8re des Prairies, AQDR Rivi\u00e8re des Prairies, Table Concertation des A\u00een\u00e9s de Bordeaux-Cartierville, Les petits Fr\u00e8res, Hay Doun, CACI, Le Chez Nous de Mercier, Centre des A\u00een\u00e9s de Villeray, Les a\u00een\u00e9s de Mercier Ouest, Le Carrefour automnal du Patro Le Pr\u00e9vost, CLSC Bordeaux-Cartierville, AQDR Montr\u00e9al-Nord, Biblioth\u00e8que Langelier, Biblioth\u00e8que Rivi\u00e8re-des-Prairies, Biblioth\u00e8que Henri-Bourassa, HLM Honor\u00e9 Beaugrand, Biblioth\u00e8que Beaconsfield, Biblioth\u00e8que Atwater, Gestion Les Trois Pignons, Le Carrefour Mont-Rose, CCRV 50+; Projet Changement.<\/p>\n","protected":false},"excerpt":{"rendered":"<p>Environ 800 personnes se sont rassembl\u00e9es, incluant 150 a\u00een\u00e9s en groupes organis\u00e9s, plus de 100 proches aidants et des professionnels des milieux m\u00e9dico-social et culturel, pour participer aux diverses activit\u00e9s : rencontre professionnelle, kiosques d&rsquo;informations, discussions, table ronde et spectacle Victoria. Un r\u00e9el moment de fiert\u00e9 et de confiance r\u00e9ciproque, d&rsquo;\u00e9coute et d&rsquo;engagement, qui a [&hellip;]<\/p>\n","protected":false},"author":7,"featured_media":7653,"comment_status":"open","ping_status":"open","sticky":false,"template":"","format":"standard","meta":{"footnotes":""},"categories":[16],"tags":[124,108,118,87],"class_list":["post-8657","post","type-post","status-publish","format-standard","has-post-thumbnail","hentry","category-non-classifiee","tag-aines","tag-cargivers","tag-dulcinee","tag-victoria"],"yoast_head":"<!-- This site is optimized with the Yoast SEO plugin v24.6 - https:\/\/yoast.com\/wordpress\/plugins\/seo\/ -->\n<title>Le Projet Victoria, fin de tourn\u00e9e exceptionnelle! | Dulcin\u00e9e Langfelder &amp; Cie<\/title>\n<meta name=\"description\" content=\"Environ 800 personnes se sont rassembl\u00e9es, incluant 150 a\u00een\u00e9s en groupes organis\u00e9s, plus de 100 proches aidants et des professionnels .\" \/>\n<meta name=\"robots\" content=\"index, follow, max-snippet:-1, max-image-preview:large, max-video-preview:-1\" \/>\n<link rel=\"canonical\" href=\"https:\/\/dulcinee.org\/fr\/le-projet-victoria-fin-de-tournee\/\" \/>\n<meta property=\"og:locale\" content=\"fr_FR\" \/>\n<meta property=\"og:type\" content=\"article\" \/>\n<meta property=\"og:title\" content=\"Le Projet Victoria, fin de tourn\u00e9e exceptionnelle! | Dulcin\u00e9e Langfelder &amp; Cie\" \/>\n<meta property=\"og:description\" content=\"Environ 800 personnes se sont rassembl\u00e9es, incluant 150 a\u00een\u00e9s en groupes organis\u00e9s, plus de 100 proches aidants et des professionnels .\" \/>\n<meta property=\"og:url\" content=\"https:\/\/dulcinee.org\/fr\/le-projet-victoria-fin-de-tournee\/\" \/>\n<meta property=\"og:site_name\" content=\"Dulcin\u00e9e Langfelder &amp; Cie\" \/>\n<meta property=\"article:publisher\" content=\"https:\/\/www.facebook.com\/dulcinee.org\/\" \/>\n<meta property=\"article:published_time\" content=\"2016-06-08T14:27:14+00:00\" \/>\n<meta property=\"article:modified_time\" content=\"2019-08-11T17:00:40+00:00\" \/>\n<meta property=\"og:image\" content=\"https:\/\/dulcinee.org\/wp-content\/uploads\/2019\/06\/ProjetVictoria_Visuel_12-mai.jpg\" \/>\n\t<meta property=\"og:image:width\" content=\"2550\" \/>\n\t<meta property=\"og:image:height\" content=\"709\" \/>\n\t<meta property=\"og:image:type\" content=\"image\/jpeg\" \/>\n<meta name=\"author\" content=\"Site Admin\" \/>\n<meta name=\"twitter:card\" content=\"summary_large_image\" \/>\n<meta name=\"twitter:label1\" content=\"\u00c9crit par\" \/>\n\t<meta name=\"twitter:data1\" content=\"Site Admin\" \/>\n\t<meta name=\"twitter:label2\" content=\"Dur\u00e9e de lecture estim\u00e9e\" \/>\n\t<meta name=\"twitter:data2\" content=\"3 minutes\" \/>\n<script type=\"application\/ld+json\" class=\"yoast-schema-graph\">{\"@context\":\"https:\/\/schema.org\",\"@graph\":[{\"@type\":\"Article\",\"@id\":\"https:\/\/dulcinee.org\/fr\/le-projet-victoria-fin-de-tournee\/#article\",\"isPartOf\":{\"@id\":\"https:\/\/dulcinee.org\/fr\/le-projet-victoria-fin-de-tournee\/\"},\"author\":{\"name\":\"Site Admin\",\"@id\":\"https:\/\/dulcinee.org\/fr\/#\/schema\/person\/f5a60a5d93802da6131186915f0c5432\"},\"headline\":\"Le Projet Victoria, fin de tourn\u00e9e exceptionnelle!\",\"datePublished\":\"2016-06-08T14:27:14+00:00\",\"dateModified\":\"2019-08-11T17:00:40+00:00\",\"mainEntityOfPage\":{\"@id\":\"https:\/\/dulcinee.org\/fr\/le-projet-victoria-fin-de-tournee\/\"},\"wordCount\":625,\"commentCount\":0,\"publisher\":{\"@id\":\"https:\/\/dulcinee.org\/fr\/#organization\"},\"image\":{\"@id\":\"https:\/\/dulcinee.org\/fr\/le-projet-victoria-fin-de-tournee\/#primaryimage\"},\"thumbnailUrl\":\"https:\/\/dulcinee.org\/wp-content\/uploads\/2019\/06\/ProjetVictoria_Visuel_12-mai.jpg\",\"keywords\":[\"Ain\u00e9s\",\"Cargivers\",\"Dulcin\u00e9e\",\"victoria\"],\"articleSection\":[\"Non classifi\u00e9(e)\"],\"inLanguage\":\"fr-FR\",\"potentialAction\":[{\"@type\":\"CommentAction\",\"name\":\"Comment\",\"target\":[\"https:\/\/dulcinee.org\/fr\/le-projet-victoria-fin-de-tournee\/#respond\"]}]},{\"@type\":\"WebPage\",\"@id\":\"https:\/\/dulcinee.org\/fr\/le-projet-victoria-fin-de-tournee\/\",\"url\":\"https:\/\/dulcinee.org\/fr\/le-projet-victoria-fin-de-tournee\/\",\"name\":\"Le Projet Victoria, fin de tourn\u00e9e exceptionnelle! | Dulcin\u00e9e Langfelder &amp; Cie\",\"isPartOf\":{\"@id\":\"https:\/\/dulcinee.org\/fr\/#website\"},\"primaryImageOfPage\":{\"@id\":\"https:\/\/dulcinee.org\/fr\/le-projet-victoria-fin-de-tournee\/#primaryimage\"},\"image\":{\"@id\":\"https:\/\/dulcinee.org\/fr\/le-projet-victoria-fin-de-tournee\/#primaryimage\"},\"thumbnailUrl\":\"https:\/\/dulcinee.org\/wp-content\/uploads\/2019\/06\/ProjetVictoria_Visuel_12-mai.jpg\",\"datePublished\":\"2016-06-08T14:27:14+00:00\",\"dateModified\":\"2019-08-11T17:00:40+00:00\",\"description\":\"Environ 800 personnes se sont rassembl\u00e9es, incluant 150 a\u00een\u00e9s en groupes organis\u00e9s, plus de 100 proches aidants et des professionnels .\",\"breadcrumb\":{\"@id\":\"https:\/\/dulcinee.org\/fr\/le-projet-victoria-fin-de-tournee\/#breadcrumb\"},\"inLanguage\":\"fr-FR\",\"potentialAction\":[{\"@type\":\"ReadAction\",\"target\":[\"https:\/\/dulcinee.org\/fr\/le-projet-victoria-fin-de-tournee\/\"]}]},{\"@type\":\"ImageObject\",\"inLanguage\":\"fr-FR\",\"@id\":\"https:\/\/dulcinee.org\/fr\/le-projet-victoria-fin-de-tournee\/#primaryimage\",\"url\":\"https:\/\/dulcinee.org\/wp-content\/uploads\/2019\/06\/ProjetVictoria_Visuel_12-mai.jpg\",\"contentUrl\":\"https:\/\/dulcinee.org\/wp-content\/uploads\/2019\/06\/ProjetVictoria_Visuel_12-mai.jpg\",\"width\":2550,\"height\":709},{\"@type\":\"BreadcrumbList\",\"@id\":\"https:\/\/dulcinee.org\/fr\/le-projet-victoria-fin-de-tournee\/#breadcrumb\",\"itemListElement\":[{\"@type\":\"ListItem\",\"position\":1,\"name\":\"Home\",\"item\":\"https:\/\/dulcinee.org\/fr\/\"},{\"@type\":\"ListItem\",\"position\":2,\"name\":\"Le Projet Victoria, fin de tourn\u00e9e exceptionnelle!\"}]},{\"@type\":\"WebSite\",\"@id\":\"https:\/\/dulcinee.org\/fr\/#website\",\"url\":\"https:\/\/dulcinee.org\/fr\/\",\"name\":\"Dulcin\u00e9e Langfelder &amp; Cie\",\"description\":\"Dulcinea Langfelder &amp; Co. is a non-profit organization that creates and performs multidisciplinary shows.\",\"publisher\":{\"@id\":\"https:\/\/dulcinee.org\/fr\/#organization\"},\"potentialAction\":[{\"@type\":\"SearchAction\",\"target\":{\"@type\":\"EntryPoint\",\"urlTemplate\":\"https:\/\/dulcinee.org\/fr\/?s={search_term_string}\"},\"query-input\":{\"@type\":\"PropertyValueSpecification\",\"valueRequired\":true,\"valueName\":\"search_term_string\"}}],\"inLanguage\":\"fr-FR\"},{\"@type\":\"Organization\",\"@id\":\"https:\/\/dulcinee.org\/fr\/#organization\",\"name\":\"Dulcin\u00e9e Langfelder & Cie\",\"url\":\"https:\/\/dulcinee.org\/fr\/\",\"logo\":{\"@type\":\"ImageObject\",\"inLanguage\":\"fr-FR\",\"@id\":\"https:\/\/dulcinee.org\/fr\/#\/schema\/logo\/image\/\",\"url\":\"https:\/\/dulcinee.org\/wp-content\/uploads\/2018\/04\/Cloud-LOGO.png\",\"contentUrl\":\"https:\/\/dulcinee.org\/wp-content\/uploads\/2018\/04\/Cloud-LOGO.png\",\"width\":504,\"height\":284,\"caption\":\"Dulcin\u00e9e Langfelder & Cie\"},\"image\":{\"@id\":\"https:\/\/dulcinee.org\/fr\/#\/schema\/logo\/image\/\"},\"sameAs\":[\"https:\/\/www.facebook.com\/dulcinee.org\/\"]},{\"@type\":\"Person\",\"@id\":\"https:\/\/dulcinee.org\/fr\/#\/schema\/person\/f5a60a5d93802da6131186915f0c5432\",\"name\":\"Site Admin\",\"image\":{\"@type\":\"ImageObject\",\"inLanguage\":\"fr-FR\",\"@id\":\"https:\/\/dulcinee.org\/fr\/#\/schema\/person\/image\/\",\"url\":\"https:\/\/secure.gravatar.com\/avatar\/e8477785fca0fe226b7a6bd367d2b492?s=96&d=mm&r=g\",\"contentUrl\":\"https:\/\/secure.gravatar.com\/avatar\/e8477785fca0fe226b7a6bd367d2b492?s=96&d=mm&r=g\",\"caption\":\"Site Admin\"}}]}<\/script>\n<!-- \/ Yoast SEO plugin. -->","yoast_head_json":{"title":"Le Projet Victoria, fin de tourn\u00e9e exceptionnelle! | Dulcin\u00e9e Langfelder &amp; Cie","description":"Environ 800 personnes se sont rassembl\u00e9es, incluant 150 a\u00een\u00e9s en groupes organis\u00e9s, plus de 100 proches aidants et des professionnels .","robots":{"index":"index","follow":"follow","max-snippet":"max-snippet:-1","max-image-preview":"max-image-preview:large","max-video-preview":"max-video-preview:-1"},"canonical":"https:\/\/dulcinee.org\/fr\/le-projet-victoria-fin-de-tournee\/","og_locale":"fr_FR","og_type":"article","og_title":"Le Projet Victoria, fin de tourn\u00e9e exceptionnelle! | Dulcin\u00e9e Langfelder &amp; Cie","og_description":"Environ 800 personnes se sont rassembl\u00e9es, incluant 150 a\u00een\u00e9s en groupes organis\u00e9s, plus de 100 proches aidants et des professionnels .","og_url":"https:\/\/dulcinee.org\/fr\/le-projet-victoria-fin-de-tournee\/","og_site_name":"Dulcin\u00e9e Langfelder &amp; Cie","article_publisher":"https:\/\/www.facebook.com\/dulcinee.org\/","article_published_time":"2016-06-08T14:27:14+00:00","article_modified_time":"2019-08-11T17:00:40+00:00","og_image":[{"width":2550,"height":709,"url":"https:\/\/dulcinee.org\/wp-content\/uploads\/2019\/06\/ProjetVictoria_Visuel_12-mai.jpg","type":"image\/jpeg"}],"author":"Site Admin","twitter_card":"summary_large_image","twitter_misc":{"\u00c9crit par":"Site Admin","Dur\u00e9e de lecture estim\u00e9e":"3 minutes"},"schema":{"@context":"https:\/\/schema.org","@graph":[{"@type":"Article","@id":"https:\/\/dulcinee.org\/fr\/le-projet-victoria-fin-de-tournee\/#article","isPartOf":{"@id":"https:\/\/dulcinee.org\/fr\/le-projet-victoria-fin-de-tournee\/"},"author":{"name":"Site Admin","@id":"https:\/\/dulcinee.org\/fr\/#\/schema\/person\/f5a60a5d93802da6131186915f0c5432"},"headline":"Le Projet Victoria, fin de tourn\u00e9e exceptionnelle!","datePublished":"2016-06-08T14:27:14+00:00","dateModified":"2019-08-11T17:00:40+00:00","mainEntityOfPage":{"@id":"https:\/\/dulcinee.org\/fr\/le-projet-victoria-fin-de-tournee\/"},"wordCount":625,"commentCount":0,"publisher":{"@id":"https:\/\/dulcinee.org\/fr\/#organization"},"image":{"@id":"https:\/\/dulcinee.org\/fr\/le-projet-victoria-fin-de-tournee\/#primaryimage"},"thumbnailUrl":"https:\/\/dulcinee.org\/wp-content\/uploads\/2019\/06\/ProjetVictoria_Visuel_12-mai.jpg","keywords":["Ain\u00e9s","Cargivers","Dulcin\u00e9e","victoria"],"articleSection":["Non classifi\u00e9(e)"],"inLanguage":"fr-FR","potentialAction":[{"@type":"CommentAction","name":"Comment","target":["https:\/\/dulcinee.org\/fr\/le-projet-victoria-fin-de-tournee\/#respond"]}]},{"@type":"WebPage","@id":"https:\/\/dulcinee.org\/fr\/le-projet-victoria-fin-de-tournee\/","url":"https:\/\/dulcinee.org\/fr\/le-projet-victoria-fin-de-tournee\/","name":"Le Projet Victoria, fin de tourn\u00e9e exceptionnelle! | Dulcin\u00e9e Langfelder &amp; Cie","isPartOf":{"@id":"https:\/\/dulcinee.org\/fr\/#website"},"primaryImageOfPage":{"@id":"https:\/\/dulcinee.org\/fr\/le-projet-victoria-fin-de-tournee\/#primaryimage"},"image":{"@id":"https:\/\/dulcinee.org\/fr\/le-projet-victoria-fin-de-tournee\/#primaryimage"},"thumbnailUrl":"https:\/\/dulcinee.org\/wp-content\/uploads\/2019\/06\/ProjetVictoria_Visuel_12-mai.jpg","datePublished":"2016-06-08T14:27:14+00:00","dateModified":"2019-08-11T17:00:40+00:00","description":"Environ 800 personnes se sont rassembl\u00e9es, incluant 150 a\u00een\u00e9s en groupes organis\u00e9s, plus de 100 proches aidants et des professionnels .","breadcrumb":{"@id":"https:\/\/dulcinee.org\/fr\/le-projet-victoria-fin-de-tournee\/#breadcrumb"},"inLanguage":"fr-FR","potentialAction":[{"@type":"ReadAction","target":["https:\/\/dulcinee.org\/fr\/le-projet-victoria-fin-de-tournee\/"]}]},{"@type":"ImageObject","inLanguage":"fr-FR","@id":"https:\/\/dulcinee.org\/fr\/le-projet-victoria-fin-de-tournee\/#primaryimage","url":"https:\/\/dulcinee.org\/wp-content\/uploads\/2019\/06\/ProjetVictoria_Visuel_12-mai.jpg","contentUrl":"https:\/\/dulcinee.org\/wp-content\/uploads\/2019\/06\/ProjetVictoria_Visuel_12-mai.jpg","width":2550,"height":709},{"@type":"BreadcrumbList","@id":"https:\/\/dulcinee.org\/fr\/le-projet-victoria-fin-de-tournee\/#breadcrumb","itemListElement":[{"@type":"ListItem","position":1,"name":"Home","item":"https:\/\/dulcinee.org\/fr\/"},{"@type":"ListItem","position":2,"name":"Le Projet Victoria, fin de tourn\u00e9e exceptionnelle!"}]},{"@type":"WebSite","@id":"https:\/\/dulcinee.org\/fr\/#website","url":"https:\/\/dulcinee.org\/fr\/","name":"Dulcin\u00e9e Langfelder &amp; Cie","description":"Dulcinea Langfelder &amp; Co. is a non-profit organization that creates and performs multidisciplinary shows.","publisher":{"@id":"https:\/\/dulcinee.org\/fr\/#organization"},"potentialAction":[{"@type":"SearchAction","target":{"@type":"EntryPoint","urlTemplate":"https:\/\/dulcinee.org\/fr\/?s={search_term_string}"},"query-input":{"@type":"PropertyValueSpecification","valueRequired":true,"valueName":"search_term_string"}}],"inLanguage":"fr-FR"},{"@type":"Organization","@id":"https:\/\/dulcinee.org\/fr\/#organization","name":"Dulcin\u00e9e Langfelder & Cie","url":"https:\/\/dulcinee.org\/fr\/","logo":{"@type":"ImageObject","inLanguage":"fr-FR","@id":"https:\/\/dulcinee.org\/fr\/#\/schema\/logo\/image\/","url":"https:\/\/dulcinee.org\/wp-content\/uploads\/2018\/04\/Cloud-LOGO.png","contentUrl":"https:\/\/dulcinee.org\/wp-content\/uploads\/2018\/04\/Cloud-LOGO.png","width":504,"height":284,"caption":"Dulcin\u00e9e Langfelder & Cie"},"image":{"@id":"https:\/\/dulcinee.org\/fr\/#\/schema\/logo\/image\/"},"sameAs":["https:\/\/www.facebook.com\/dulcinee.org\/"]},{"@type":"Person","@id":"https:\/\/dulcinee.org\/fr\/#\/schema\/person\/f5a60a5d93802da6131186915f0c5432","name":"Site Admin","image":{"@type":"ImageObject","inLanguage":"fr-FR","@id":"https:\/\/dulcinee.org\/fr\/#\/schema\/person\/image\/","url":"https:\/\/secure.gravatar.com\/avatar\/e8477785fca0fe226b7a6bd367d2b492?s=96&d=mm&r=g","contentUrl":"https:\/\/secure.gravatar.com\/avatar\/e8477785fca0fe226b7a6bd367d2b492?s=96&d=mm&r=g","caption":"Site Admin"}}]}},"_links":{"self":[{"href":"https:\/\/dulcinee.org\/fr\/wp-json\/wp\/v2\/posts\/8657","targetHints":{"allow":["GET"]}}],"collection":[{"href":"https:\/\/dulcinee.org\/fr\/wp-json\/wp\/v2\/posts"}],"about":[{"href":"https:\/\/dulcinee.org\/fr\/wp-json\/wp\/v2\/types\/post"}],"author":[{"embeddable":true,"href":"https:\/\/dulcinee.org\/fr\/wp-json\/wp\/v2\/users\/7"}],"replies":[{"embeddable":true,"href":"https:\/\/dulcinee.org\/fr\/wp-json\/wp\/v2\/comments?post=8657"}],"version-history":[{"count":1,"href":"https:\/\/dulcinee.org\/fr\/wp-json\/wp\/v2\/posts\/8657\/revisions"}],"predecessor-version":[{"id":8658,"href":"https:\/\/dulcinee.org\/fr\/wp-json\/wp\/v2\/posts\/8657\/revisions\/8658"}],"wp:featuredmedia":[{"embeddable":true,"href":"https:\/\/dulcinee.org\/fr\/wp-json\/wp\/v2\/media\/7653"}],"wp:attachment":[{"href":"https:\/\/dulcinee.org\/fr\/wp-json\/wp\/v2\/media?parent=8657"}],"wp:term":[{"taxonomy":"category","embeddable":true,"href":"https:\/\/dulcinee.org\/fr\/wp-json\/wp\/v2\/categories?post=8657"},{"taxonomy":"post_tag","embeddable":true,"href":"https:\/\/dulcinee.org\/fr\/wp-json\/wp\/v2\/tags?post=8657"}],"curies":[{"name":"wp","href":"https:\/\/api.w.org\/{rel}","templated":true}]}}