{"id":9187,"date":"2019-12-10T16:30:44","date_gmt":"2019-12-10T16:30:44","guid":{"rendered":"https:\/\/dulcinee.org\/dulcinee-a-texcoco-2\/"},"modified":"2019-12-10T22:35:25","modified_gmt":"2019-12-10T22:35:25","slug":"dulcinee-a-texcoco","status":"publish","type":"post","link":"https:\/\/dulcinee.org\/fr\/dulcinee-a-texcoco\/","title":{"rendered":"Dulcin\u00e9e \u00e0 Texcoco"},"content":{"rendered":"\n<p>Le 17 novembre 2019, Dulcin\u00e9e Langfelder a pr\u00e9sent\u00e9 son spectacle Victoria \u00e0 Texcoco, au Mexique, dans le cadre du festival <a href=\"https:\/\/danza.inba.gob.mx\/ENDMexico2019\" target=\"_blank\" rel=\"noopener noreferrer\">ENDMexico2019<\/a>. Le public Mexicain a ador\u00e9, encore une fois!<\/p>\n\n<p>Encuentras Nacionales de Danza est un festival de la danse et de performance. Pour son \u00e9dition 2019, l\u2019\u00e9v\u00e8nement a accueilli 250 danseurs et chor\u00e9graphes et a re\u00e7u plus de 10 milles spectateurs au cours de ses 6 jours de programmation.<\/p>\n\n<p>Dulcin\u00e9e et son complice de sc\u00e8ne, Erik Gingras, ont jou\u00e9 Victoria en Espagnol, au th\u00e9\u00e2tre Elisa Carrillo. Ils ont re\u00e7u un \u00ab standing ovation \u00bb des plus chaleureux!<\/p>\n\n<figure class=\"wp-block-gallery columns-3 is-cropped wp-block-gallery-1 is-layout-flex wp-block-gallery-is-layout-flex\"><ul class=\"blocks-gallery-grid\"><li class=\"blocks-gallery-item\"><figure><img fetchpriority=\"high\" decoding=\"async\" width=\"1024\" height=\"683\" src=\"https:\/\/dulcinee.org\/wp-content\/uploads\/w2_10687_6-1024x683.jpg\" alt=\"\" data-id=\"9097\" data-full-url=\"https:\/\/dulcinee.org\/wp-content\/uploads\/w2_10687_6-1024x683.jpg\" data-link=\"https:\/\/dulcinee.org\/?attachment_id=9097\" class=\"wp-image-9097\" srcset=\"https:\/\/dulcinee.org\/wp-content\/uploads\/w2_10687_6-1024x683.jpg 1024w, https:\/\/dulcinee.org\/wp-content\/uploads\/w2_10687_6-1024x683-300x200.jpg 300w, https:\/\/dulcinee.org\/wp-content\/uploads\/w2_10687_6-1024x683-768x512.jpg 768w\" sizes=\"(max-width: 1024px) 100vw, 1024px\" \/><\/figure><\/li><li class=\"blocks-gallery-item\"><figure><img decoding=\"async\" width=\"1024\" height=\"683\" src=\"https:\/\/dulcinee.org\/wp-content\/uploads\/\/76730675_2527126700689270_1565189840482336768_o-1024x683.jpg\" alt=\"\" data-id=\"9095\" data-full-url=\"https:\/\/dulcinee.org\/wp-content\/uploads\/76730675_2527126700689270_1565189840482336768_o.jpg\" data-link=\"https:\/\/dulcinee.org\/?attachment_id=9095\" class=\"wp-image-9095\" srcset=\"https:\/\/dulcinee.org\/wp-content\/uploads\/76730675_2527126700689270_1565189840482336768_o-1024x683.jpg 1024w, https:\/\/dulcinee.org\/wp-content\/uploads\/76730675_2527126700689270_1565189840482336768_o-300x200.jpg 300w, https:\/\/dulcinee.org\/wp-content\/uploads\/76730675_2527126700689270_1565189840482336768_o-768x512.jpg 768w, https:\/\/dulcinee.org\/wp-content\/uploads\/76730675_2527126700689270_1565189840482336768_o.jpg 1500w\" sizes=\"(max-width: 1024px) 100vw, 1024px\" \/><\/figure><\/li><li class=\"blocks-gallery-item\"><figure><img decoding=\"async\" width=\"1024\" height=\"683\" src=\"https:\/\/dulcinee.org\/wp-content\/uploads\/w2_10687_7-1024x683.jpg\" alt=\"\" data-id=\"9099\" data-full-url=\"https:\/\/dulcinee.org\/wp-content\/uploads\/w2_10687_7-1024x683.jpg\" data-link=\"https:\/\/dulcinee.org\/?attachment_id=9099\" class=\"wp-image-9099\" srcset=\"https:\/\/dulcinee.org\/wp-content\/uploads\/w2_10687_7-1024x683.jpg 1024w, https:\/\/dulcinee.org\/wp-content\/uploads\/w2_10687_7-1024x683-300x200.jpg 300w, https:\/\/dulcinee.org\/wp-content\/uploads\/w2_10687_7-1024x683-768x512.jpg 768w\" sizes=\"(max-width: 1024px) 100vw, 1024px\" \/><\/figure><\/li><\/ul><\/figure>\n\n<p>Lien aux communiqu\u00e9s de presse au Mexique: <\/p>\n\n<figure class=\"wp-block-embed-wordpress wp-block-embed is-type-wp-embed is-provider-isoptica\"><div class=\"wp-block-embed__wrapper\">\n<blockquote class=\"wp-embedded-content\" data-secret=\"r0fZZ7svj8\"><a href=\"https:\/\/isoptica.com.mx\/desde-canada-llega-dulcinea-langfelder-al-encuentro-nacional-de-danza-mexico-2019-presentando-victoria\/\">Desde Canad\u00e1 llega Dulcinea Langfelder al Encuentro Nacional de Danza M\u00e9xico 2019 presentando &#8216;Victoria&#8217;<\/a><\/blockquote><iframe title=\"&#8220;Desde Canad\u00e1 llega Dulcinea Langfelder al Encuentro Nacional de Danza M\u00e9xico 2019 presentando &#8216;Victoria&#8217;&#8221; &#8212; IS\u00d3PTICA\" class=\"wp-embedded-content\" sandbox=\"allow-scripts\" security=\"restricted\" style=\"position: absolute; clip: rect(1px, 1px, 1px, 1px);\" src=\"https:\/\/isoptica.com.mx\/desde-canada-llega-dulcinea-langfelder-al-encuentro-nacional-de-danza-mexico-2019-presentando-victoria\/embed\/#?secret=r0fZZ7svj8\" data-secret=\"r0fZZ7svj8\" width=\"600\" height=\"338\" frameborder=\"0\" marginwidth=\"0\" marginheight=\"0\" scrolling=\"no\"><\/iframe>\n<\/div><\/figure>\n\n<div class=\"wp-block-group\"><div class=\"wp-block-group__inner-container is-layout-flow wp-block-group-is-layout-flow\">\n<p><a href=\"https:\/\/todotexcoco.com\/en-texcoco-cautivan-japon-y-canada-en-el-encuentro-nacional-de-danza-e3TQ4ODAze3g.html\">https:\/\/todotexcoco.com\/en-texcoco-cautivan-japon-y-canada-en-el-encuentro-nacional-de-danza-e3TQ4ODAze3g.html<\/a><\/p>\n<\/div><\/div>\n\n<p><a href=\"https:\/\/www.alianzatex.com\/alianzatex\/vistas\/nota.php?nota=3882\">https:\/\/www.alianzatex.com\/alianzatex\/vistas\/nota.php?nota=3882<\/a><\/p>\n","protected":false},"excerpt":{"rendered":"<p>Le 17 novembre 2019, Dulcin\u00e9e Langfelder a pr\u00e9sent\u00e9 son spectacle Victoria \u00e0 Texcoco, au Mexique, dans le cadre du festival ENDMexico2019. Le public Mexicain a ador\u00e9, encore une fois! Encuentras Nacionales de Danza est un festival de la danse et de performance. Pour son \u00e9dition 2019, l\u2019\u00e9v\u00e8nement a accueilli 250 danseurs et chor\u00e9graphes et a [&hellip;]<\/p>\n","protected":false},"author":7,"featured_media":9084,"comment_status":"open","ping_status":"open","sticky":false,"template":"","format":"standard","meta":{"footnotes":""},"categories":[16],"tags":[131,129,87],"class_list":["post-9187","post","type-post","status-publish","format-standard","has-post-thumbnail","hentry","category-non-classifiee","tag-mexique","tag-spectacle","tag-victoria"],"yoast_head":"<!-- This site is optimized with the Yoast SEO plugin v24.6 - https:\/\/yoast.com\/wordpress\/plugins\/seo\/ -->\n<title>Dulcin\u00e9e \u00e0 Texcoco | Dulcin\u00e9e Langfelder &amp; Cie<\/title>\n<meta name=\"description\" content=\"Le 17 novembre 2019, Dulcin\u00e9e Langfelder a pr\u00e9sent\u00e9 son spectacle Victoria \u00e0 Texcoco, au Mexique, dans le cadre du festival ENDMexico2019. Le public Mexicain a ador\u00e9, encore une fois!\" \/>\n<meta name=\"robots\" content=\"index, follow, max-snippet:-1, max-image-preview:large, max-video-preview:-1\" \/>\n<link rel=\"canonical\" href=\"https:\/\/dulcinee.org\/fr\/dulcinee-a-texcoco\/\" \/>\n<meta property=\"og:locale\" content=\"fr_FR\" \/>\n<meta property=\"og:type\" content=\"article\" \/>\n<meta property=\"og:title\" content=\"Dulcin\u00e9e \u00e0 Texcoco | Dulcin\u00e9e Langfelder &amp; Cie\" \/>\n<meta property=\"og:description\" content=\"Le 17 novembre 2019, Dulcin\u00e9e Langfelder a pr\u00e9sent\u00e9 son spectacle Victoria \u00e0 Texcoco, au Mexique, dans le cadre du festival ENDMexico2019. Le public Mexicain a ador\u00e9, encore une fois!\" \/>\n<meta property=\"og:url\" content=\"https:\/\/dulcinee.org\/fr\/dulcinee-a-texcoco\/\" \/>\n<meta property=\"og:site_name\" content=\"Dulcin\u00e9e Langfelder &amp; Cie\" \/>\n<meta property=\"article:publisher\" content=\"https:\/\/www.facebook.com\/dulcinee.org\/\" \/>\n<meta property=\"article:published_time\" content=\"2019-12-10T16:30:44+00:00\" \/>\n<meta property=\"article:modified_time\" content=\"2019-12-10T22:35:25+00:00\" \/>\n<meta property=\"og:image\" content=\"https:\/\/dulcinee.org\/wp-content\/uploads\/END_Header_Post.jpg\" \/>\n\t<meta property=\"og:image:width\" content=\"2016\" \/>\n\t<meta property=\"og:image:height\" content=\"1153\" \/>\n\t<meta property=\"og:image:type\" content=\"image\/jpeg\" \/>\n<meta name=\"author\" content=\"Site Admin\" \/>\n<meta name=\"twitter:card\" content=\"summary_large_image\" \/>\n<meta name=\"twitter:label1\" content=\"\u00c9crit par\" \/>\n\t<meta name=\"twitter:data1\" content=\"Site Admin\" \/>\n\t<meta name=\"twitter:label2\" content=\"Dur\u00e9e de lecture estim\u00e9e\" \/>\n\t<meta name=\"twitter:data2\" content=\"1 minute\" \/>\n<script type=\"application\/ld+json\" class=\"yoast-schema-graph\">{\"@context\":\"https:\/\/schema.org\",\"@graph\":[{\"@type\":\"Article\",\"@id\":\"https:\/\/dulcinee.org\/fr\/dulcinee-a-texcoco\/#article\",\"isPartOf\":{\"@id\":\"https:\/\/dulcinee.org\/fr\/dulcinee-a-texcoco\/\"},\"author\":{\"name\":\"Site Admin\",\"@id\":\"https:\/\/dulcinee.org\/fr\/#\/schema\/person\/f5a60a5d93802da6131186915f0c5432\"},\"headline\":\"Dulcin\u00e9e \u00e0 Texcoco\",\"datePublished\":\"2019-12-10T16:30:44+00:00\",\"dateModified\":\"2019-12-10T22:35:25+00:00\",\"mainEntityOfPage\":{\"@id\":\"https:\/\/dulcinee.org\/fr\/dulcinee-a-texcoco\/\"},\"wordCount\":145,\"commentCount\":0,\"publisher\":{\"@id\":\"https:\/\/dulcinee.org\/fr\/#organization\"},\"image\":{\"@id\":\"https:\/\/dulcinee.org\/fr\/dulcinee-a-texcoco\/#primaryimage\"},\"thumbnailUrl\":\"https:\/\/dulcinee.org\/wp-content\/uploads\/END_Header_Post.jpg\",\"keywords\":[\"Mexique\",\"Spectacle\",\"victoria\"],\"articleSection\":[\"Non classifi\u00e9(e)\"],\"inLanguage\":\"fr-FR\",\"potentialAction\":[{\"@type\":\"CommentAction\",\"name\":\"Comment\",\"target\":[\"https:\/\/dulcinee.org\/fr\/dulcinee-a-texcoco\/#respond\"]}]},{\"@type\":\"WebPage\",\"@id\":\"https:\/\/dulcinee.org\/fr\/dulcinee-a-texcoco\/\",\"url\":\"https:\/\/dulcinee.org\/fr\/dulcinee-a-texcoco\/\",\"name\":\"Dulcin\u00e9e \u00e0 Texcoco | Dulcin\u00e9e Langfelder &amp; Cie\",\"isPartOf\":{\"@id\":\"https:\/\/dulcinee.org\/fr\/#website\"},\"primaryImageOfPage\":{\"@id\":\"https:\/\/dulcinee.org\/fr\/dulcinee-a-texcoco\/#primaryimage\"},\"image\":{\"@id\":\"https:\/\/dulcinee.org\/fr\/dulcinee-a-texcoco\/#primaryimage\"},\"thumbnailUrl\":\"https:\/\/dulcinee.org\/wp-content\/uploads\/END_Header_Post.jpg\",\"datePublished\":\"2019-12-10T16:30:44+00:00\",\"dateModified\":\"2019-12-10T22:35:25+00:00\",\"description\":\"Le 17 novembre 2019, Dulcin\u00e9e Langfelder a pr\u00e9sent\u00e9 son spectacle Victoria \u00e0 Texcoco, au Mexique, dans le cadre du festival ENDMexico2019. Le public Mexicain a ador\u00e9, encore une fois!\",\"breadcrumb\":{\"@id\":\"https:\/\/dulcinee.org\/fr\/dulcinee-a-texcoco\/#breadcrumb\"},\"inLanguage\":\"fr-FR\",\"potentialAction\":[{\"@type\":\"ReadAction\",\"target\":[\"https:\/\/dulcinee.org\/fr\/dulcinee-a-texcoco\/\"]}]},{\"@type\":\"ImageObject\",\"inLanguage\":\"fr-FR\",\"@id\":\"https:\/\/dulcinee.org\/fr\/dulcinee-a-texcoco\/#primaryimage\",\"url\":\"https:\/\/dulcinee.org\/wp-content\/uploads\/END_Header_Post.jpg\",\"contentUrl\":\"https:\/\/dulcinee.org\/wp-content\/uploads\/END_Header_Post.jpg\",\"width\":2016,\"height\":1153,\"caption\":\"END Mexico 2019\"},{\"@type\":\"BreadcrumbList\",\"@id\":\"https:\/\/dulcinee.org\/fr\/dulcinee-a-texcoco\/#breadcrumb\",\"itemListElement\":[{\"@type\":\"ListItem\",\"position\":1,\"name\":\"Home\",\"item\":\"https:\/\/dulcinee.org\/fr\/\"},{\"@type\":\"ListItem\",\"position\":2,\"name\":\"Dulcin\u00e9e \u00e0 Texcoco\"}]},{\"@type\":\"WebSite\",\"@id\":\"https:\/\/dulcinee.org\/fr\/#website\",\"url\":\"https:\/\/dulcinee.org\/fr\/\",\"name\":\"Dulcin\u00e9e Langfelder &amp; Cie\",\"description\":\"Dulcinea Langfelder &amp; Co. is a non-profit organization that creates and performs multidisciplinary shows.\",\"publisher\":{\"@id\":\"https:\/\/dulcinee.org\/fr\/#organization\"},\"potentialAction\":[{\"@type\":\"SearchAction\",\"target\":{\"@type\":\"EntryPoint\",\"urlTemplate\":\"https:\/\/dulcinee.org\/fr\/?s={search_term_string}\"},\"query-input\":{\"@type\":\"PropertyValueSpecification\",\"valueRequired\":true,\"valueName\":\"search_term_string\"}}],\"inLanguage\":\"fr-FR\"},{\"@type\":\"Organization\",\"@id\":\"https:\/\/dulcinee.org\/fr\/#organization\",\"name\":\"Dulcin\u00e9e Langfelder & Cie\",\"url\":\"https:\/\/dulcinee.org\/fr\/\",\"logo\":{\"@type\":\"ImageObject\",\"inLanguage\":\"fr-FR\",\"@id\":\"https:\/\/dulcinee.org\/fr\/#\/schema\/logo\/image\/\",\"url\":\"https:\/\/dulcinee.org\/wp-content\/uploads\/2018\/04\/Cloud-LOGO.png\",\"contentUrl\":\"https:\/\/dulcinee.org\/wp-content\/uploads\/2018\/04\/Cloud-LOGO.png\",\"width\":504,\"height\":284,\"caption\":\"Dulcin\u00e9e Langfelder & Cie\"},\"image\":{\"@id\":\"https:\/\/dulcinee.org\/fr\/#\/schema\/logo\/image\/\"},\"sameAs\":[\"https:\/\/www.facebook.com\/dulcinee.org\/\"]},{\"@type\":\"Person\",\"@id\":\"https:\/\/dulcinee.org\/fr\/#\/schema\/person\/f5a60a5d93802da6131186915f0c5432\",\"name\":\"Site Admin\",\"image\":{\"@type\":\"ImageObject\",\"inLanguage\":\"fr-FR\",\"@id\":\"https:\/\/dulcinee.org\/fr\/#\/schema\/person\/image\/\",\"url\":\"https:\/\/secure.gravatar.com\/avatar\/e8477785fca0fe226b7a6bd367d2b492?s=96&d=mm&r=g\",\"contentUrl\":\"https:\/\/secure.gravatar.com\/avatar\/e8477785fca0fe226b7a6bd367d2b492?s=96&d=mm&r=g\",\"caption\":\"Site Admin\"}}]}<\/script>\n<!-- \/ Yoast SEO plugin. -->","yoast_head_json":{"title":"Dulcin\u00e9e \u00e0 Texcoco | Dulcin\u00e9e Langfelder &amp; Cie","description":"Le 17 novembre 2019, Dulcin\u00e9e Langfelder a pr\u00e9sent\u00e9 son spectacle Victoria \u00e0 Texcoco, au Mexique, dans le cadre du festival ENDMexico2019. Le public Mexicain a ador\u00e9, encore une fois!","robots":{"index":"index","follow":"follow","max-snippet":"max-snippet:-1","max-image-preview":"max-image-preview:large","max-video-preview":"max-video-preview:-1"},"canonical":"https:\/\/dulcinee.org\/fr\/dulcinee-a-texcoco\/","og_locale":"fr_FR","og_type":"article","og_title":"Dulcin\u00e9e \u00e0 Texcoco | Dulcin\u00e9e Langfelder &amp; Cie","og_description":"Le 17 novembre 2019, Dulcin\u00e9e Langfelder a pr\u00e9sent\u00e9 son spectacle Victoria \u00e0 Texcoco, au Mexique, dans le cadre du festival ENDMexico2019. Le public Mexicain a ador\u00e9, encore une fois!","og_url":"https:\/\/dulcinee.org\/fr\/dulcinee-a-texcoco\/","og_site_name":"Dulcin\u00e9e Langfelder &amp; Cie","article_publisher":"https:\/\/www.facebook.com\/dulcinee.org\/","article_published_time":"2019-12-10T16:30:44+00:00","article_modified_time":"2019-12-10T22:35:25+00:00","og_image":[{"width":2016,"height":1153,"url":"https:\/\/dulcinee.org\/wp-content\/uploads\/END_Header_Post.jpg","type":"image\/jpeg"}],"author":"Site Admin","twitter_card":"summary_large_image","twitter_misc":{"\u00c9crit par":"Site Admin","Dur\u00e9e de lecture estim\u00e9e":"1 minute"},"schema":{"@context":"https:\/\/schema.org","@graph":[{"@type":"Article","@id":"https:\/\/dulcinee.org\/fr\/dulcinee-a-texcoco\/#article","isPartOf":{"@id":"https:\/\/dulcinee.org\/fr\/dulcinee-a-texcoco\/"},"author":{"name":"Site Admin","@id":"https:\/\/dulcinee.org\/fr\/#\/schema\/person\/f5a60a5d93802da6131186915f0c5432"},"headline":"Dulcin\u00e9e \u00e0 Texcoco","datePublished":"2019-12-10T16:30:44+00:00","dateModified":"2019-12-10T22:35:25+00:00","mainEntityOfPage":{"@id":"https:\/\/dulcinee.org\/fr\/dulcinee-a-texcoco\/"},"wordCount":145,"commentCount":0,"publisher":{"@id":"https:\/\/dulcinee.org\/fr\/#organization"},"image":{"@id":"https:\/\/dulcinee.org\/fr\/dulcinee-a-texcoco\/#primaryimage"},"thumbnailUrl":"https:\/\/dulcinee.org\/wp-content\/uploads\/END_Header_Post.jpg","keywords":["Mexique","Spectacle","victoria"],"articleSection":["Non classifi\u00e9(e)"],"inLanguage":"fr-FR","potentialAction":[{"@type":"CommentAction","name":"Comment","target":["https:\/\/dulcinee.org\/fr\/dulcinee-a-texcoco\/#respond"]}]},{"@type":"WebPage","@id":"https:\/\/dulcinee.org\/fr\/dulcinee-a-texcoco\/","url":"https:\/\/dulcinee.org\/fr\/dulcinee-a-texcoco\/","name":"Dulcin\u00e9e \u00e0 Texcoco | Dulcin\u00e9e Langfelder &amp; Cie","isPartOf":{"@id":"https:\/\/dulcinee.org\/fr\/#website"},"primaryImageOfPage":{"@id":"https:\/\/dulcinee.org\/fr\/dulcinee-a-texcoco\/#primaryimage"},"image":{"@id":"https:\/\/dulcinee.org\/fr\/dulcinee-a-texcoco\/#primaryimage"},"thumbnailUrl":"https:\/\/dulcinee.org\/wp-content\/uploads\/END_Header_Post.jpg","datePublished":"2019-12-10T16:30:44+00:00","dateModified":"2019-12-10T22:35:25+00:00","description":"Le 17 novembre 2019, Dulcin\u00e9e Langfelder a pr\u00e9sent\u00e9 son spectacle Victoria \u00e0 Texcoco, au Mexique, dans le cadre du festival ENDMexico2019. Le public Mexicain a ador\u00e9, encore une fois!","breadcrumb":{"@id":"https:\/\/dulcinee.org\/fr\/dulcinee-a-texcoco\/#breadcrumb"},"inLanguage":"fr-FR","potentialAction":[{"@type":"ReadAction","target":["https:\/\/dulcinee.org\/fr\/dulcinee-a-texcoco\/"]}]},{"@type":"ImageObject","inLanguage":"fr-FR","@id":"https:\/\/dulcinee.org\/fr\/dulcinee-a-texcoco\/#primaryimage","url":"https:\/\/dulcinee.org\/wp-content\/uploads\/END_Header_Post.jpg","contentUrl":"https:\/\/dulcinee.org\/wp-content\/uploads\/END_Header_Post.jpg","width":2016,"height":1153,"caption":"END Mexico 2019"},{"@type":"BreadcrumbList","@id":"https:\/\/dulcinee.org\/fr\/dulcinee-a-texcoco\/#breadcrumb","itemListElement":[{"@type":"ListItem","position":1,"name":"Home","item":"https:\/\/dulcinee.org\/fr\/"},{"@type":"ListItem","position":2,"name":"Dulcin\u00e9e \u00e0 Texcoco"}]},{"@type":"WebSite","@id":"https:\/\/dulcinee.org\/fr\/#website","url":"https:\/\/dulcinee.org\/fr\/","name":"Dulcin\u00e9e Langfelder &amp; Cie","description":"Dulcinea Langfelder &amp; Co. is a non-profit organization that creates and performs multidisciplinary shows.","publisher":{"@id":"https:\/\/dulcinee.org\/fr\/#organization"},"potentialAction":[{"@type":"SearchAction","target":{"@type":"EntryPoint","urlTemplate":"https:\/\/dulcinee.org\/fr\/?s={search_term_string}"},"query-input":{"@type":"PropertyValueSpecification","valueRequired":true,"valueName":"search_term_string"}}],"inLanguage":"fr-FR"},{"@type":"Organization","@id":"https:\/\/dulcinee.org\/fr\/#organization","name":"Dulcin\u00e9e Langfelder & Cie","url":"https:\/\/dulcinee.org\/fr\/","logo":{"@type":"ImageObject","inLanguage":"fr-FR","@id":"https:\/\/dulcinee.org\/fr\/#\/schema\/logo\/image\/","url":"https:\/\/dulcinee.org\/wp-content\/uploads\/2018\/04\/Cloud-LOGO.png","contentUrl":"https:\/\/dulcinee.org\/wp-content\/uploads\/2018\/04\/Cloud-LOGO.png","width":504,"height":284,"caption":"Dulcin\u00e9e Langfelder & Cie"},"image":{"@id":"https:\/\/dulcinee.org\/fr\/#\/schema\/logo\/image\/"},"sameAs":["https:\/\/www.facebook.com\/dulcinee.org\/"]},{"@type":"Person","@id":"https:\/\/dulcinee.org\/fr\/#\/schema\/person\/f5a60a5d93802da6131186915f0c5432","name":"Site Admin","image":{"@type":"ImageObject","inLanguage":"fr-FR","@id":"https:\/\/dulcinee.org\/fr\/#\/schema\/person\/image\/","url":"https:\/\/secure.gravatar.com\/avatar\/e8477785fca0fe226b7a6bd367d2b492?s=96&d=mm&r=g","contentUrl":"https:\/\/secure.gravatar.com\/avatar\/e8477785fca0fe226b7a6bd367d2b492?s=96&d=mm&r=g","caption":"Site Admin"}}]}},"_links":{"self":[{"href":"https:\/\/dulcinee.org\/fr\/wp-json\/wp\/v2\/posts\/9187","targetHints":{"allow":["GET"]}}],"collection":[{"href":"https:\/\/dulcinee.org\/fr\/wp-json\/wp\/v2\/posts"}],"about":[{"href":"https:\/\/dulcinee.org\/fr\/wp-json\/wp\/v2\/types\/post"}],"author":[{"embeddable":true,"href":"https:\/\/dulcinee.org\/fr\/wp-json\/wp\/v2\/users\/7"}],"replies":[{"embeddable":true,"href":"https:\/\/dulcinee.org\/fr\/wp-json\/wp\/v2\/comments?post=9187"}],"version-history":[{"count":3,"href":"https:\/\/dulcinee.org\/fr\/wp-json\/wp\/v2\/posts\/9187\/revisions"}],"predecessor-version":[{"id":9197,"href":"https:\/\/dulcinee.org\/fr\/wp-json\/wp\/v2\/posts\/9187\/revisions\/9197"}],"wp:featuredmedia":[{"embeddable":true,"href":"https:\/\/dulcinee.org\/fr\/wp-json\/wp\/v2\/media\/9084"}],"wp:attachment":[{"href":"https:\/\/dulcinee.org\/fr\/wp-json\/wp\/v2\/media?parent=9187"}],"wp:term":[{"taxonomy":"category","embeddable":true,"href":"https:\/\/dulcinee.org\/fr\/wp-json\/wp\/v2\/categories?post=9187"},{"taxonomy":"post_tag","embeddable":true,"href":"https:\/\/dulcinee.org\/fr\/wp-json\/wp\/v2\/tags?post=9187"}],"curies":[{"name":"wp","href":"https:\/\/api.w.org\/{rel}","templated":true}]}}