{"id":9194,"date":"2019-09-29T16:37:00","date_gmt":"2019-09-29T16:37:00","guid":{"rendered":"https:\/\/dulcinee.org\/dulcinee-langfelder-de-retour-sur-scene-2\/"},"modified":"2020-01-08T14:53:59","modified_gmt":"2020-01-08T14:53:59","slug":"dulcinee-langfelder-de-retour-sur-scene","status":"publish","type":"post","link":"https:\/\/dulcinee.org\/fr\/dulcinee-langfelder-de-retour-sur-scene\/","title":{"rendered":"Dulcin\u00e9e Langfelder de retour sur sc\u00e8ne!"},"content":{"rendered":"\n<p>Le 27 septembre 2019, la Maison de la Culture du Plateau Mont-Royal pr\u00e9sentait\u00a0<strong><em>Cheek to<\/em><\/strong><em>\u00a0<strong>Cheek, l\u2019amour avec un grand C<\/strong>.<\/em> Avec comme seul d\u00e9cor un piano et une lune, Dulcin\u00e9e Langfelder et Philippe Noireaut nous ont offert un spectacle vibrant d\u2019\u00e9motions en interpr\u00e9tant une s\u00e9rie de chansons tir\u00e9es des cr\u00e9ations de Dulcin\u00e9e.<\/p>\n\n<p>Dans une salle compl\u00e8tement pleine, admirateurs et amis ont ri, pleur\u00e9 et r\u00eav\u00e9 ensemble en revisitant la carri\u00e8re de Dulcin\u00e9e. Ce fut un grand succ\u00e8s, \u00e9mouvant \u00e0 souhait!<\/p>\n\n<p>Un grand merci \u00e0 toute l\u2019\u00e9quipe de la <strong>Maison de Culture<\/strong> <strong>du Plateau Mont-Royal! <\/strong><\/p>\n\n<p><strong><em>Cheek to Cheek, l\u2019amour avec un grand C<\/em><\/strong>, c\u2019est l\u2019\u0153uvre d\u2019une vie, un parcours intime parmi les \u0153uvres de Dulcin\u00e9e, une mise en sc\u00e8ne \u00e0 la fois tendre et dr\u00f4le qui c\u00e9l\u00e8bre l\u2019immense pouvoir de l\u2019amour. Un spectacle \u00e0 ne pas manquer!<\/p>\n\n<p>R\u00e9servez vos billets pour les prochaines dates! <\/p>\n\n<ul class=\"wp-block-list\"><li>27 novembre \u00e0 19H30 \u00e0 la Maison de la Culture C\u00f4te-des-Neiges <\/li><li>5 d\u00e9cembre \u00e0 19H30 \u00e0 la Maison de la Culture Janine-Sutto<\/li><li>13 f\u00e9vrier 2020 \u00e0 19H:30 \u00e0 la Maison de la Culture Rosemont<\/li><li>18 f\u00e9vrier 2020 \u00e0 14H00 \u00e0 la Maison de la Culture Ahuntsic-Cartierville<\/li><\/ul>\n\n<div style=\"height:20px\" aria-hidden=\"true\" class=\"wp-block-spacer\"><\/div>\n\n<div class=\"wp-block-button aligncenter is-style-outline is-style-outline--1\"><a class=\"wp-block-button__link\" href=\"https:\/\/www.accesculture.com\/activite\/Cheek_to_Cheek\"><strong>Cliquez ici pour les billets<\/strong><\/a><\/div>\n","protected":false},"excerpt":{"rendered":"<p>Le 27 septembre 2019, la Maison de la Culture du Plateau Mont-Royal pr\u00e9sentait\u00a0Cheek to\u00a0Cheek, l\u2019amour avec un grand C. Avec comme seul d\u00e9cor un piano et une lune, Dulcin\u00e9e Langfelder et Philippe Noireaut nous ont offert un spectacle vibrant d\u2019\u00e9motions en interpr\u00e9tant une s\u00e9rie de chansons tir\u00e9es des cr\u00e9ations de Dulcin\u00e9e. Dans une salle compl\u00e8tement [&hellip;]<\/p>\n","protected":false},"author":7,"featured_media":9001,"comment_status":"open","ping_status":"open","sticky":false,"template":"","format":"standard","meta":{"footnotes":""},"categories":[16],"tags":[126,134,129],"class_list":["post-9194","post","type-post","status-publish","format-standard","has-post-thumbnail","hentry","category-non-classifiee","tag-cheektocheek","tag-montreal","tag-spectacle"],"yoast_head":"<!-- This site is optimized with the Yoast SEO plugin v24.6 - https:\/\/yoast.com\/wordpress\/plugins\/seo\/ -->\n<title>Dulcin\u00e9e Langfelder de retour sur sc\u00e8ne! | Dulcin\u00e9e Langfelder &amp; Cie<\/title>\n<meta name=\"description\" content=\"Le 27 septembre 2019, la Maison de la Culture du Plateau Mont-Royal pr\u00e9sentait\u00a0Cheek to\u00a0Cheek, l\u2019amour avec un grand C.\" \/>\n<meta name=\"robots\" content=\"index, follow, max-snippet:-1, max-image-preview:large, max-video-preview:-1\" \/>\n<link rel=\"canonical\" href=\"https:\/\/dulcinee.org\/fr\/dulcinee-langfelder-de-retour-sur-scene\/\" \/>\n<meta property=\"og:locale\" content=\"fr_FR\" \/>\n<meta property=\"og:type\" content=\"article\" \/>\n<meta property=\"og:title\" content=\"Dulcin\u00e9e Langfelder de retour sur sc\u00e8ne! | Dulcin\u00e9e Langfelder &amp; Cie\" \/>\n<meta property=\"og:description\" content=\"Le 27 septembre 2019, la Maison de la Culture du Plateau Mont-Royal pr\u00e9sentait\u00a0Cheek to\u00a0Cheek, l\u2019amour avec un grand C.\" \/>\n<meta property=\"og:url\" content=\"https:\/\/dulcinee.org\/fr\/dulcinee-langfelder-de-retour-sur-scene\/\" \/>\n<meta property=\"og:site_name\" content=\"Dulcin\u00e9e Langfelder &amp; Cie\" \/>\n<meta property=\"article:publisher\" content=\"https:\/\/www.facebook.com\/dulcinee.org\/\" \/>\n<meta property=\"article:published_time\" content=\"2019-09-29T16:37:00+00:00\" \/>\n<meta property=\"article:modified_time\" content=\"2020-01-08T14:53:59+00:00\" \/>\n<meta property=\"og:image\" content=\"https:\/\/dulcinee.org\/wp-content\/uploads\/Nikita_Bershanski_CheektoCheek.jpg\" \/>\n\t<meta property=\"og:image:width\" content=\"3298\" \/>\n\t<meta property=\"og:image:height\" content=\"1743\" \/>\n\t<meta property=\"og:image:type\" content=\"image\/jpeg\" \/>\n<meta name=\"author\" content=\"Site Admin\" \/>\n<meta name=\"twitter:card\" content=\"summary_large_image\" \/>\n<meta name=\"twitter:label1\" content=\"\u00c9crit par\" \/>\n\t<meta name=\"twitter:data1\" content=\"Site Admin\" \/>\n\t<meta name=\"twitter:label2\" content=\"Dur\u00e9e de lecture estim\u00e9e\" \/>\n\t<meta name=\"twitter:data2\" content=\"1 minute\" \/>\n<script type=\"application\/ld+json\" class=\"yoast-schema-graph\">{\"@context\":\"https:\/\/schema.org\",\"@graph\":[{\"@type\":\"Article\",\"@id\":\"https:\/\/dulcinee.org\/fr\/dulcinee-langfelder-de-retour-sur-scene\/#article\",\"isPartOf\":{\"@id\":\"https:\/\/dulcinee.org\/fr\/dulcinee-langfelder-de-retour-sur-scene\/\"},\"author\":{\"name\":\"Site Admin\",\"@id\":\"https:\/\/dulcinee.org\/fr\/#\/schema\/person\/f5a60a5d93802da6131186915f0c5432\"},\"headline\":\"Dulcin\u00e9e Langfelder de retour sur sc\u00e8ne!\",\"datePublished\":\"2019-09-29T16:37:00+00:00\",\"dateModified\":\"2020-01-08T14:53:59+00:00\",\"mainEntityOfPage\":{\"@id\":\"https:\/\/dulcinee.org\/fr\/dulcinee-langfelder-de-retour-sur-scene\/\"},\"wordCount\":215,\"commentCount\":0,\"publisher\":{\"@id\":\"https:\/\/dulcinee.org\/fr\/#organization\"},\"image\":{\"@id\":\"https:\/\/dulcinee.org\/fr\/dulcinee-langfelder-de-retour-sur-scene\/#primaryimage\"},\"thumbnailUrl\":\"https:\/\/dulcinee.org\/wp-content\/uploads\/Nikita_Bershanski_CheektoCheek.jpg\",\"keywords\":[\"CheektoCheek\",\"Montreal\",\"Spectacle\"],\"articleSection\":[\"Non classifi\u00e9(e)\"],\"inLanguage\":\"fr-FR\",\"potentialAction\":[{\"@type\":\"CommentAction\",\"name\":\"Comment\",\"target\":[\"https:\/\/dulcinee.org\/fr\/dulcinee-langfelder-de-retour-sur-scene\/#respond\"]}]},{\"@type\":\"WebPage\",\"@id\":\"https:\/\/dulcinee.org\/fr\/dulcinee-langfelder-de-retour-sur-scene\/\",\"url\":\"https:\/\/dulcinee.org\/fr\/dulcinee-langfelder-de-retour-sur-scene\/\",\"name\":\"Dulcin\u00e9e Langfelder de retour sur sc\u00e8ne! | Dulcin\u00e9e Langfelder &amp; Cie\",\"isPartOf\":{\"@id\":\"https:\/\/dulcinee.org\/fr\/#website\"},\"primaryImageOfPage\":{\"@id\":\"https:\/\/dulcinee.org\/fr\/dulcinee-langfelder-de-retour-sur-scene\/#primaryimage\"},\"image\":{\"@id\":\"https:\/\/dulcinee.org\/fr\/dulcinee-langfelder-de-retour-sur-scene\/#primaryimage\"},\"thumbnailUrl\":\"https:\/\/dulcinee.org\/wp-content\/uploads\/Nikita_Bershanski_CheektoCheek.jpg\",\"datePublished\":\"2019-09-29T16:37:00+00:00\",\"dateModified\":\"2020-01-08T14:53:59+00:00\",\"description\":\"Le 27 septembre 2019, la Maison de la Culture du Plateau Mont-Royal pr\u00e9sentait\u00a0Cheek to\u00a0Cheek, l\u2019amour avec un grand C.\",\"breadcrumb\":{\"@id\":\"https:\/\/dulcinee.org\/fr\/dulcinee-langfelder-de-retour-sur-scene\/#breadcrumb\"},\"inLanguage\":\"fr-FR\",\"potentialAction\":[{\"@type\":\"ReadAction\",\"target\":[\"https:\/\/dulcinee.org\/fr\/dulcinee-langfelder-de-retour-sur-scene\/\"]}]},{\"@type\":\"ImageObject\",\"inLanguage\":\"fr-FR\",\"@id\":\"https:\/\/dulcinee.org\/fr\/dulcinee-langfelder-de-retour-sur-scene\/#primaryimage\",\"url\":\"https:\/\/dulcinee.org\/wp-content\/uploads\/Nikita_Bershanski_CheektoCheek.jpg\",\"contentUrl\":\"https:\/\/dulcinee.org\/wp-content\/uploads\/Nikita_Bershanski_CheektoCheek.jpg\",\"width\":3298,\"height\":1743,\"caption\":\"by Nikita Bershanski\"},{\"@type\":\"BreadcrumbList\",\"@id\":\"https:\/\/dulcinee.org\/fr\/dulcinee-langfelder-de-retour-sur-scene\/#breadcrumb\",\"itemListElement\":[{\"@type\":\"ListItem\",\"position\":1,\"name\":\"Home\",\"item\":\"https:\/\/dulcinee.org\/fr\/\"},{\"@type\":\"ListItem\",\"position\":2,\"name\":\"Dulcin\u00e9e Langfelder de retour sur sc\u00e8ne!\"}]},{\"@type\":\"WebSite\",\"@id\":\"https:\/\/dulcinee.org\/fr\/#website\",\"url\":\"https:\/\/dulcinee.org\/fr\/\",\"name\":\"Dulcin\u00e9e Langfelder &amp; Cie\",\"description\":\"Dulcinea Langfelder &amp; Co. is a non-profit organization that creates and performs multidisciplinary shows.\",\"publisher\":{\"@id\":\"https:\/\/dulcinee.org\/fr\/#organization\"},\"potentialAction\":[{\"@type\":\"SearchAction\",\"target\":{\"@type\":\"EntryPoint\",\"urlTemplate\":\"https:\/\/dulcinee.org\/fr\/?s={search_term_string}\"},\"query-input\":{\"@type\":\"PropertyValueSpecification\",\"valueRequired\":true,\"valueName\":\"search_term_string\"}}],\"inLanguage\":\"fr-FR\"},{\"@type\":\"Organization\",\"@id\":\"https:\/\/dulcinee.org\/fr\/#organization\",\"name\":\"Dulcin\u00e9e Langfelder & Cie\",\"url\":\"https:\/\/dulcinee.org\/fr\/\",\"logo\":{\"@type\":\"ImageObject\",\"inLanguage\":\"fr-FR\",\"@id\":\"https:\/\/dulcinee.org\/fr\/#\/schema\/logo\/image\/\",\"url\":\"https:\/\/dulcinee.org\/wp-content\/uploads\/2018\/04\/Cloud-LOGO.png\",\"contentUrl\":\"https:\/\/dulcinee.org\/wp-content\/uploads\/2018\/04\/Cloud-LOGO.png\",\"width\":504,\"height\":284,\"caption\":\"Dulcin\u00e9e Langfelder & Cie\"},\"image\":{\"@id\":\"https:\/\/dulcinee.org\/fr\/#\/schema\/logo\/image\/\"},\"sameAs\":[\"https:\/\/www.facebook.com\/dulcinee.org\/\"]},{\"@type\":\"Person\",\"@id\":\"https:\/\/dulcinee.org\/fr\/#\/schema\/person\/f5a60a5d93802da6131186915f0c5432\",\"name\":\"Site Admin\",\"image\":{\"@type\":\"ImageObject\",\"inLanguage\":\"fr-FR\",\"@id\":\"https:\/\/dulcinee.org\/fr\/#\/schema\/person\/image\/\",\"url\":\"https:\/\/secure.gravatar.com\/avatar\/e8477785fca0fe226b7a6bd367d2b492?s=96&d=mm&r=g\",\"contentUrl\":\"https:\/\/secure.gravatar.com\/avatar\/e8477785fca0fe226b7a6bd367d2b492?s=96&d=mm&r=g\",\"caption\":\"Site Admin\"}}]}<\/script>\n<!-- \/ Yoast SEO plugin. -->","yoast_head_json":{"title":"Dulcin\u00e9e Langfelder de retour sur sc\u00e8ne! | Dulcin\u00e9e Langfelder &amp; Cie","description":"Le 27 septembre 2019, la Maison de la Culture du Plateau Mont-Royal pr\u00e9sentait\u00a0Cheek to\u00a0Cheek, l\u2019amour avec un grand C.","robots":{"index":"index","follow":"follow","max-snippet":"max-snippet:-1","max-image-preview":"max-image-preview:large","max-video-preview":"max-video-preview:-1"},"canonical":"https:\/\/dulcinee.org\/fr\/dulcinee-langfelder-de-retour-sur-scene\/","og_locale":"fr_FR","og_type":"article","og_title":"Dulcin\u00e9e Langfelder de retour sur sc\u00e8ne! | Dulcin\u00e9e Langfelder &amp; Cie","og_description":"Le 27 septembre 2019, la Maison de la Culture du Plateau Mont-Royal pr\u00e9sentait\u00a0Cheek to\u00a0Cheek, l\u2019amour avec un grand C.","og_url":"https:\/\/dulcinee.org\/fr\/dulcinee-langfelder-de-retour-sur-scene\/","og_site_name":"Dulcin\u00e9e Langfelder &amp; Cie","article_publisher":"https:\/\/www.facebook.com\/dulcinee.org\/","article_published_time":"2019-09-29T16:37:00+00:00","article_modified_time":"2020-01-08T14:53:59+00:00","og_image":[{"width":3298,"height":1743,"url":"https:\/\/dulcinee.org\/wp-content\/uploads\/Nikita_Bershanski_CheektoCheek.jpg","type":"image\/jpeg"}],"author":"Site Admin","twitter_card":"summary_large_image","twitter_misc":{"\u00c9crit par":"Site Admin","Dur\u00e9e de lecture estim\u00e9e":"1 minute"},"schema":{"@context":"https:\/\/schema.org","@graph":[{"@type":"Article","@id":"https:\/\/dulcinee.org\/fr\/dulcinee-langfelder-de-retour-sur-scene\/#article","isPartOf":{"@id":"https:\/\/dulcinee.org\/fr\/dulcinee-langfelder-de-retour-sur-scene\/"},"author":{"name":"Site Admin","@id":"https:\/\/dulcinee.org\/fr\/#\/schema\/person\/f5a60a5d93802da6131186915f0c5432"},"headline":"Dulcin\u00e9e Langfelder de retour sur sc\u00e8ne!","datePublished":"2019-09-29T16:37:00+00:00","dateModified":"2020-01-08T14:53:59+00:00","mainEntityOfPage":{"@id":"https:\/\/dulcinee.org\/fr\/dulcinee-langfelder-de-retour-sur-scene\/"},"wordCount":215,"commentCount":0,"publisher":{"@id":"https:\/\/dulcinee.org\/fr\/#organization"},"image":{"@id":"https:\/\/dulcinee.org\/fr\/dulcinee-langfelder-de-retour-sur-scene\/#primaryimage"},"thumbnailUrl":"https:\/\/dulcinee.org\/wp-content\/uploads\/Nikita_Bershanski_CheektoCheek.jpg","keywords":["CheektoCheek","Montreal","Spectacle"],"articleSection":["Non classifi\u00e9(e)"],"inLanguage":"fr-FR","potentialAction":[{"@type":"CommentAction","name":"Comment","target":["https:\/\/dulcinee.org\/fr\/dulcinee-langfelder-de-retour-sur-scene\/#respond"]}]},{"@type":"WebPage","@id":"https:\/\/dulcinee.org\/fr\/dulcinee-langfelder-de-retour-sur-scene\/","url":"https:\/\/dulcinee.org\/fr\/dulcinee-langfelder-de-retour-sur-scene\/","name":"Dulcin\u00e9e Langfelder de retour sur sc\u00e8ne! | Dulcin\u00e9e Langfelder &amp; Cie","isPartOf":{"@id":"https:\/\/dulcinee.org\/fr\/#website"},"primaryImageOfPage":{"@id":"https:\/\/dulcinee.org\/fr\/dulcinee-langfelder-de-retour-sur-scene\/#primaryimage"},"image":{"@id":"https:\/\/dulcinee.org\/fr\/dulcinee-langfelder-de-retour-sur-scene\/#primaryimage"},"thumbnailUrl":"https:\/\/dulcinee.org\/wp-content\/uploads\/Nikita_Bershanski_CheektoCheek.jpg","datePublished":"2019-09-29T16:37:00+00:00","dateModified":"2020-01-08T14:53:59+00:00","description":"Le 27 septembre 2019, la Maison de la Culture du Plateau Mont-Royal pr\u00e9sentait\u00a0Cheek to\u00a0Cheek, l\u2019amour avec un grand C.","breadcrumb":{"@id":"https:\/\/dulcinee.org\/fr\/dulcinee-langfelder-de-retour-sur-scene\/#breadcrumb"},"inLanguage":"fr-FR","potentialAction":[{"@type":"ReadAction","target":["https:\/\/dulcinee.org\/fr\/dulcinee-langfelder-de-retour-sur-scene\/"]}]},{"@type":"ImageObject","inLanguage":"fr-FR","@id":"https:\/\/dulcinee.org\/fr\/dulcinee-langfelder-de-retour-sur-scene\/#primaryimage","url":"https:\/\/dulcinee.org\/wp-content\/uploads\/Nikita_Bershanski_CheektoCheek.jpg","contentUrl":"https:\/\/dulcinee.org\/wp-content\/uploads\/Nikita_Bershanski_CheektoCheek.jpg","width":3298,"height":1743,"caption":"by Nikita Bershanski"},{"@type":"BreadcrumbList","@id":"https:\/\/dulcinee.org\/fr\/dulcinee-langfelder-de-retour-sur-scene\/#breadcrumb","itemListElement":[{"@type":"ListItem","position":1,"name":"Home","item":"https:\/\/dulcinee.org\/fr\/"},{"@type":"ListItem","position":2,"name":"Dulcin\u00e9e Langfelder de retour sur sc\u00e8ne!"}]},{"@type":"WebSite","@id":"https:\/\/dulcinee.org\/fr\/#website","url":"https:\/\/dulcinee.org\/fr\/","name":"Dulcin\u00e9e Langfelder &amp; Cie","description":"Dulcinea Langfelder &amp; Co. is a non-profit organization that creates and performs multidisciplinary shows.","publisher":{"@id":"https:\/\/dulcinee.org\/fr\/#organization"},"potentialAction":[{"@type":"SearchAction","target":{"@type":"EntryPoint","urlTemplate":"https:\/\/dulcinee.org\/fr\/?s={search_term_string}"},"query-input":{"@type":"PropertyValueSpecification","valueRequired":true,"valueName":"search_term_string"}}],"inLanguage":"fr-FR"},{"@type":"Organization","@id":"https:\/\/dulcinee.org\/fr\/#organization","name":"Dulcin\u00e9e Langfelder & Cie","url":"https:\/\/dulcinee.org\/fr\/","logo":{"@type":"ImageObject","inLanguage":"fr-FR","@id":"https:\/\/dulcinee.org\/fr\/#\/schema\/logo\/image\/","url":"https:\/\/dulcinee.org\/wp-content\/uploads\/2018\/04\/Cloud-LOGO.png","contentUrl":"https:\/\/dulcinee.org\/wp-content\/uploads\/2018\/04\/Cloud-LOGO.png","width":504,"height":284,"caption":"Dulcin\u00e9e Langfelder & Cie"},"image":{"@id":"https:\/\/dulcinee.org\/fr\/#\/schema\/logo\/image\/"},"sameAs":["https:\/\/www.facebook.com\/dulcinee.org\/"]},{"@type":"Person","@id":"https:\/\/dulcinee.org\/fr\/#\/schema\/person\/f5a60a5d93802da6131186915f0c5432","name":"Site Admin","image":{"@type":"ImageObject","inLanguage":"fr-FR","@id":"https:\/\/dulcinee.org\/fr\/#\/schema\/person\/image\/","url":"https:\/\/secure.gravatar.com\/avatar\/e8477785fca0fe226b7a6bd367d2b492?s=96&d=mm&r=g","contentUrl":"https:\/\/secure.gravatar.com\/avatar\/e8477785fca0fe226b7a6bd367d2b492?s=96&d=mm&r=g","caption":"Site Admin"}}]}},"_links":{"self":[{"href":"https:\/\/dulcinee.org\/fr\/wp-json\/wp\/v2\/posts\/9194","targetHints":{"allow":["GET"]}}],"collection":[{"href":"https:\/\/dulcinee.org\/fr\/wp-json\/wp\/v2\/posts"}],"about":[{"href":"https:\/\/dulcinee.org\/fr\/wp-json\/wp\/v2\/types\/post"}],"author":[{"embeddable":true,"href":"https:\/\/dulcinee.org\/fr\/wp-json\/wp\/v2\/users\/7"}],"replies":[{"embeddable":true,"href":"https:\/\/dulcinee.org\/fr\/wp-json\/wp\/v2\/comments?post=9194"}],"version-history":[{"count":3,"href":"https:\/\/dulcinee.org\/fr\/wp-json\/wp\/v2\/posts\/9194\/revisions"}],"predecessor-version":[{"id":9199,"href":"https:\/\/dulcinee.org\/fr\/wp-json\/wp\/v2\/posts\/9194\/revisions\/9199"}],"wp:featuredmedia":[{"embeddable":true,"href":"https:\/\/dulcinee.org\/fr\/wp-json\/wp\/v2\/media\/9001"}],"wp:attachment":[{"href":"https:\/\/dulcinee.org\/fr\/wp-json\/wp\/v2\/media?parent=9194"}],"wp:term":[{"taxonomy":"category","embeddable":true,"href":"https:\/\/dulcinee.org\/fr\/wp-json\/wp\/v2\/categories?post=9194"},{"taxonomy":"post_tag","embeddable":true,"href":"https:\/\/dulcinee.org\/fr\/wp-json\/wp\/v2\/tags?post=9194"}],"curies":[{"name":"wp","href":"https:\/\/api.w.org\/{rel}","templated":true}]}}