{"id":9227,"date":"2020-01-22T15:51:29","date_gmt":"2020-01-22T15:51:29","guid":{"rendered":"https:\/\/dulcinee.org\/entrevue-reconnecting\/"},"modified":"2020-01-22T15:56:46","modified_gmt":"2020-01-22T15:56:46","slug":"entrevue-reconnecting","status":"publish","type":"post","link":"https:\/\/dulcinee.org\/fr\/entrevue-reconnecting\/","title":{"rendered":"Entrevue: Reconnecting"},"content":{"rendered":"\n<p>La semaine derni\u00e8re, Dulcinea Langfelder a \u00e9t\u00e9 interview\u00e9e par Shaki Okeke de la radio CBC sur le th\u00e8me de la reconnexion avec la sc\u00e8ne apr\u00e8s une longue pause \u00e0 la suite de son diagnostic de cancer.<\/p>\n\n<p>Cette entrevue a \u00e9t\u00e9 diffus\u00e9e sur Daybreak Montr\u00e9al avec Mike Finnerty le 17 janvier! <\/p>\n\n<p>Si vous l&rsquo;avez manqu\u00e9, \u00e9cout\u00e9 l&rsquo;entrevue ici: <\/p>\n\n<div class=\"wp-block-button aligncenter is-style-fill\"><a class=\"wp-block-button__link has-background has-vivid-red-background-color\" href=\"https:\/\/www.cbc.ca\/listen\/live-radio\/1-15-daybreak-montreal\/clip\/15756088-reconnecting-returning-to-the-stage-after-cancer-diagnosis\">Entrevue CBC Radio<\/a><\/div>\n","protected":false},"excerpt":{"rendered":"<p>La semaine derni\u00e8re, Dulcinea Langfelder a \u00e9t\u00e9 interview\u00e9e par Shaki Okeke de la radio CBC sur le th\u00e8me de la reconnexion avec la sc\u00e8ne apr\u00e8s une longue pause \u00e0 la suite de son diagnostic de cancer. Cette entrevue a \u00e9t\u00e9 diffus\u00e9e sur Daybreak Montr\u00e9al avec Mike Finnerty le 17 janvier! Si vous l&rsquo;avez manqu\u00e9, \u00e9cout\u00e9 [&hellip;]<\/p>\n","protected":false},"author":7,"featured_media":9234,"comment_status":"open","ping_status":"open","sticky":false,"template":"","format":"standard","meta":{"footnotes":""},"categories":[16],"tags":[118,137],"class_list":["post-9227","post","type-post","status-publish","format-standard","has-post-thumbnail","hentry","category-non-classifiee","tag-dulcinee","tag-entrevue"],"yoast_head":"<!-- This site is optimized with the Yoast SEO plugin v24.6 - https:\/\/yoast.com\/wordpress\/plugins\/seo\/ -->\n<title>Entrevue: Reconnecting | Dulcin\u00e9e Langfelder &amp; Cie<\/title>\n<meta name=\"description\" content=\"La semaine derni\u00e8re, Dulcinea Langfelder a \u00e9t\u00e9 interview\u00e9e par Shaki Okeke de la radio CBC sur le th\u00e8me de la reconnexion avec la sc\u00e8ne apr\u00e8s une longue pause \u00e0 la suite de son diagnostic de cancer.\" \/>\n<meta name=\"robots\" content=\"index, follow, max-snippet:-1, max-image-preview:large, max-video-preview:-1\" \/>\n<link rel=\"canonical\" href=\"https:\/\/dulcinee.org\/fr\/entrevue-reconnecting\/\" \/>\n<meta property=\"og:locale\" content=\"fr_FR\" \/>\n<meta property=\"og:type\" content=\"article\" \/>\n<meta property=\"og:title\" content=\"Entrevue: Reconnecting | Dulcin\u00e9e Langfelder &amp; Cie\" \/>\n<meta property=\"og:description\" content=\"La semaine derni\u00e8re, Dulcinea Langfelder a \u00e9t\u00e9 interview\u00e9e par Shaki Okeke de la radio CBC sur le th\u00e8me de la reconnexion avec la sc\u00e8ne apr\u00e8s une longue pause \u00e0 la suite de son diagnostic de cancer.\" \/>\n<meta property=\"og:url\" content=\"https:\/\/dulcinee.org\/fr\/entrevue-reconnecting\/\" \/>\n<meta property=\"og:site_name\" content=\"Dulcin\u00e9e Langfelder &amp; Cie\" \/>\n<meta property=\"article:publisher\" content=\"https:\/\/www.facebook.com\/dulcinee.org\/\" \/>\n<meta property=\"article:published_time\" content=\"2020-01-22T15:51:29+00:00\" \/>\n<meta property=\"article:modified_time\" content=\"2020-01-22T15:56:46+00:00\" \/>\n<meta property=\"og:image\" content=\"https:\/\/dulcinee.org\/wp-content\/uploads\/CBC-Listen_03a.jpg\" \/>\n\t<meta property=\"og:image:width\" content=\"1024\" \/>\n\t<meta property=\"og:image:height\" content=\"254\" \/>\n\t<meta property=\"og:image:type\" content=\"image\/jpeg\" \/>\n<meta name=\"author\" content=\"Site Admin\" \/>\n<meta name=\"twitter:card\" content=\"summary_large_image\" \/>\n<meta name=\"twitter:label1\" content=\"\u00c9crit par\" \/>\n\t<meta name=\"twitter:data1\" content=\"Site Admin\" \/>\n<script type=\"application\/ld+json\" class=\"yoast-schema-graph\">{\"@context\":\"https:\/\/schema.org\",\"@graph\":[{\"@type\":\"Article\",\"@id\":\"https:\/\/dulcinee.org\/fr\/entrevue-reconnecting\/#article\",\"isPartOf\":{\"@id\":\"https:\/\/dulcinee.org\/fr\/entrevue-reconnecting\/\"},\"author\":{\"name\":\"Site Admin\",\"@id\":\"https:\/\/dulcinee.org\/fr\/#\/schema\/person\/f5a60a5d93802da6131186915f0c5432\"},\"headline\":\"Entrevue: Reconnecting\",\"datePublished\":\"2020-01-22T15:51:29+00:00\",\"dateModified\":\"2020-01-22T15:56:46+00:00\",\"mainEntityOfPage\":{\"@id\":\"https:\/\/dulcinee.org\/fr\/entrevue-reconnecting\/\"},\"wordCount\":69,\"commentCount\":0,\"publisher\":{\"@id\":\"https:\/\/dulcinee.org\/fr\/#organization\"},\"image\":{\"@id\":\"https:\/\/dulcinee.org\/fr\/entrevue-reconnecting\/#primaryimage\"},\"thumbnailUrl\":\"https:\/\/dulcinee.org\/wp-content\/uploads\/CBC-Listen_03a.jpg\",\"keywords\":[\"Dulcin\u00e9e\",\"Entrevue\"],\"articleSection\":[\"Non classifi\u00e9(e)\"],\"inLanguage\":\"fr-FR\",\"potentialAction\":[{\"@type\":\"CommentAction\",\"name\":\"Comment\",\"target\":[\"https:\/\/dulcinee.org\/fr\/entrevue-reconnecting\/#respond\"]}]},{\"@type\":\"WebPage\",\"@id\":\"https:\/\/dulcinee.org\/fr\/entrevue-reconnecting\/\",\"url\":\"https:\/\/dulcinee.org\/fr\/entrevue-reconnecting\/\",\"name\":\"Entrevue: Reconnecting | Dulcin\u00e9e Langfelder &amp; Cie\",\"isPartOf\":{\"@id\":\"https:\/\/dulcinee.org\/fr\/#website\"},\"primaryImageOfPage\":{\"@id\":\"https:\/\/dulcinee.org\/fr\/entrevue-reconnecting\/#primaryimage\"},\"image\":{\"@id\":\"https:\/\/dulcinee.org\/fr\/entrevue-reconnecting\/#primaryimage\"},\"thumbnailUrl\":\"https:\/\/dulcinee.org\/wp-content\/uploads\/CBC-Listen_03a.jpg\",\"datePublished\":\"2020-01-22T15:51:29+00:00\",\"dateModified\":\"2020-01-22T15:56:46+00:00\",\"description\":\"La semaine derni\u00e8re, Dulcinea Langfelder a \u00e9t\u00e9 interview\u00e9e par Shaki Okeke de la radio CBC sur le th\u00e8me de la reconnexion avec la sc\u00e8ne apr\u00e8s une longue pause \u00e0 la suite de son diagnostic de cancer.\",\"breadcrumb\":{\"@id\":\"https:\/\/dulcinee.org\/fr\/entrevue-reconnecting\/#breadcrumb\"},\"inLanguage\":\"fr-FR\",\"potentialAction\":[{\"@type\":\"ReadAction\",\"target\":[\"https:\/\/dulcinee.org\/fr\/entrevue-reconnecting\/\"]}]},{\"@type\":\"ImageObject\",\"inLanguage\":\"fr-FR\",\"@id\":\"https:\/\/dulcinee.org\/fr\/entrevue-reconnecting\/#primaryimage\",\"url\":\"https:\/\/dulcinee.org\/wp-content\/uploads\/CBC-Listen_03a.jpg\",\"contentUrl\":\"https:\/\/dulcinee.org\/wp-content\/uploads\/CBC-Listen_03a.jpg\",\"width\":1024,\"height\":254,\"caption\":\"CBC LOGO\"},{\"@type\":\"BreadcrumbList\",\"@id\":\"https:\/\/dulcinee.org\/fr\/entrevue-reconnecting\/#breadcrumb\",\"itemListElement\":[{\"@type\":\"ListItem\",\"position\":1,\"name\":\"Home\",\"item\":\"https:\/\/dulcinee.org\/fr\/\"},{\"@type\":\"ListItem\",\"position\":2,\"name\":\"Entrevue: Reconnecting\"}]},{\"@type\":\"WebSite\",\"@id\":\"https:\/\/dulcinee.org\/fr\/#website\",\"url\":\"https:\/\/dulcinee.org\/fr\/\",\"name\":\"Dulcin\u00e9e Langfelder &amp; Cie\",\"description\":\"Dulcinea Langfelder &amp; Co. is a non-profit organization that creates and performs multidisciplinary shows.\",\"publisher\":{\"@id\":\"https:\/\/dulcinee.org\/fr\/#organization\"},\"potentialAction\":[{\"@type\":\"SearchAction\",\"target\":{\"@type\":\"EntryPoint\",\"urlTemplate\":\"https:\/\/dulcinee.org\/fr\/?s={search_term_string}\"},\"query-input\":{\"@type\":\"PropertyValueSpecification\",\"valueRequired\":true,\"valueName\":\"search_term_string\"}}],\"inLanguage\":\"fr-FR\"},{\"@type\":\"Organization\",\"@id\":\"https:\/\/dulcinee.org\/fr\/#organization\",\"name\":\"Dulcin\u00e9e Langfelder & Cie\",\"url\":\"https:\/\/dulcinee.org\/fr\/\",\"logo\":{\"@type\":\"ImageObject\",\"inLanguage\":\"fr-FR\",\"@id\":\"https:\/\/dulcinee.org\/fr\/#\/schema\/logo\/image\/\",\"url\":\"https:\/\/dulcinee.org\/wp-content\/uploads\/2018\/04\/Cloud-LOGO.png\",\"contentUrl\":\"https:\/\/dulcinee.org\/wp-content\/uploads\/2018\/04\/Cloud-LOGO.png\",\"width\":504,\"height\":284,\"caption\":\"Dulcin\u00e9e Langfelder & Cie\"},\"image\":{\"@id\":\"https:\/\/dulcinee.org\/fr\/#\/schema\/logo\/image\/\"},\"sameAs\":[\"https:\/\/www.facebook.com\/dulcinee.org\/\"]},{\"@type\":\"Person\",\"@id\":\"https:\/\/dulcinee.org\/fr\/#\/schema\/person\/f5a60a5d93802da6131186915f0c5432\",\"name\":\"Site Admin\",\"image\":{\"@type\":\"ImageObject\",\"inLanguage\":\"fr-FR\",\"@id\":\"https:\/\/dulcinee.org\/fr\/#\/schema\/person\/image\/\",\"url\":\"https:\/\/secure.gravatar.com\/avatar\/e8477785fca0fe226b7a6bd367d2b492?s=96&d=mm&r=g\",\"contentUrl\":\"https:\/\/secure.gravatar.com\/avatar\/e8477785fca0fe226b7a6bd367d2b492?s=96&d=mm&r=g\",\"caption\":\"Site Admin\"}}]}<\/script>\n<!-- \/ Yoast SEO plugin. -->","yoast_head_json":{"title":"Entrevue: Reconnecting | Dulcin\u00e9e Langfelder &amp; Cie","description":"La semaine derni\u00e8re, Dulcinea Langfelder a \u00e9t\u00e9 interview\u00e9e par Shaki Okeke de la radio CBC sur le th\u00e8me de la reconnexion avec la sc\u00e8ne apr\u00e8s une longue pause \u00e0 la suite de son diagnostic de cancer.","robots":{"index":"index","follow":"follow","max-snippet":"max-snippet:-1","max-image-preview":"max-image-preview:large","max-video-preview":"max-video-preview:-1"},"canonical":"https:\/\/dulcinee.org\/fr\/entrevue-reconnecting\/","og_locale":"fr_FR","og_type":"article","og_title":"Entrevue: Reconnecting | Dulcin\u00e9e Langfelder &amp; Cie","og_description":"La semaine derni\u00e8re, Dulcinea Langfelder a \u00e9t\u00e9 interview\u00e9e par Shaki Okeke de la radio CBC sur le th\u00e8me de la reconnexion avec la sc\u00e8ne apr\u00e8s une longue pause \u00e0 la suite de son diagnostic de cancer.","og_url":"https:\/\/dulcinee.org\/fr\/entrevue-reconnecting\/","og_site_name":"Dulcin\u00e9e Langfelder &amp; Cie","article_publisher":"https:\/\/www.facebook.com\/dulcinee.org\/","article_published_time":"2020-01-22T15:51:29+00:00","article_modified_time":"2020-01-22T15:56:46+00:00","og_image":[{"width":1024,"height":254,"url":"https:\/\/dulcinee.org\/wp-content\/uploads\/CBC-Listen_03a.jpg","type":"image\/jpeg"}],"author":"Site Admin","twitter_card":"summary_large_image","twitter_misc":{"\u00c9crit par":"Site Admin"},"schema":{"@context":"https:\/\/schema.org","@graph":[{"@type":"Article","@id":"https:\/\/dulcinee.org\/fr\/entrevue-reconnecting\/#article","isPartOf":{"@id":"https:\/\/dulcinee.org\/fr\/entrevue-reconnecting\/"},"author":{"name":"Site Admin","@id":"https:\/\/dulcinee.org\/fr\/#\/schema\/person\/f5a60a5d93802da6131186915f0c5432"},"headline":"Entrevue: Reconnecting","datePublished":"2020-01-22T15:51:29+00:00","dateModified":"2020-01-22T15:56:46+00:00","mainEntityOfPage":{"@id":"https:\/\/dulcinee.org\/fr\/entrevue-reconnecting\/"},"wordCount":69,"commentCount":0,"publisher":{"@id":"https:\/\/dulcinee.org\/fr\/#organization"},"image":{"@id":"https:\/\/dulcinee.org\/fr\/entrevue-reconnecting\/#primaryimage"},"thumbnailUrl":"https:\/\/dulcinee.org\/wp-content\/uploads\/CBC-Listen_03a.jpg","keywords":["Dulcin\u00e9e","Entrevue"],"articleSection":["Non classifi\u00e9(e)"],"inLanguage":"fr-FR","potentialAction":[{"@type":"CommentAction","name":"Comment","target":["https:\/\/dulcinee.org\/fr\/entrevue-reconnecting\/#respond"]}]},{"@type":"WebPage","@id":"https:\/\/dulcinee.org\/fr\/entrevue-reconnecting\/","url":"https:\/\/dulcinee.org\/fr\/entrevue-reconnecting\/","name":"Entrevue: Reconnecting | Dulcin\u00e9e Langfelder &amp; Cie","isPartOf":{"@id":"https:\/\/dulcinee.org\/fr\/#website"},"primaryImageOfPage":{"@id":"https:\/\/dulcinee.org\/fr\/entrevue-reconnecting\/#primaryimage"},"image":{"@id":"https:\/\/dulcinee.org\/fr\/entrevue-reconnecting\/#primaryimage"},"thumbnailUrl":"https:\/\/dulcinee.org\/wp-content\/uploads\/CBC-Listen_03a.jpg","datePublished":"2020-01-22T15:51:29+00:00","dateModified":"2020-01-22T15:56:46+00:00","description":"La semaine derni\u00e8re, Dulcinea Langfelder a \u00e9t\u00e9 interview\u00e9e par Shaki Okeke de la radio CBC sur le th\u00e8me de la reconnexion avec la sc\u00e8ne apr\u00e8s une longue pause \u00e0 la suite de son diagnostic de cancer.","breadcrumb":{"@id":"https:\/\/dulcinee.org\/fr\/entrevue-reconnecting\/#breadcrumb"},"inLanguage":"fr-FR","potentialAction":[{"@type":"ReadAction","target":["https:\/\/dulcinee.org\/fr\/entrevue-reconnecting\/"]}]},{"@type":"ImageObject","inLanguage":"fr-FR","@id":"https:\/\/dulcinee.org\/fr\/entrevue-reconnecting\/#primaryimage","url":"https:\/\/dulcinee.org\/wp-content\/uploads\/CBC-Listen_03a.jpg","contentUrl":"https:\/\/dulcinee.org\/wp-content\/uploads\/CBC-Listen_03a.jpg","width":1024,"height":254,"caption":"CBC LOGO"},{"@type":"BreadcrumbList","@id":"https:\/\/dulcinee.org\/fr\/entrevue-reconnecting\/#breadcrumb","itemListElement":[{"@type":"ListItem","position":1,"name":"Home","item":"https:\/\/dulcinee.org\/fr\/"},{"@type":"ListItem","position":2,"name":"Entrevue: Reconnecting"}]},{"@type":"WebSite","@id":"https:\/\/dulcinee.org\/fr\/#website","url":"https:\/\/dulcinee.org\/fr\/","name":"Dulcin\u00e9e Langfelder &amp; Cie","description":"Dulcinea Langfelder &amp; Co. is a non-profit organization that creates and performs multidisciplinary shows.","publisher":{"@id":"https:\/\/dulcinee.org\/fr\/#organization"},"potentialAction":[{"@type":"SearchAction","target":{"@type":"EntryPoint","urlTemplate":"https:\/\/dulcinee.org\/fr\/?s={search_term_string}"},"query-input":{"@type":"PropertyValueSpecification","valueRequired":true,"valueName":"search_term_string"}}],"inLanguage":"fr-FR"},{"@type":"Organization","@id":"https:\/\/dulcinee.org\/fr\/#organization","name":"Dulcin\u00e9e Langfelder & Cie","url":"https:\/\/dulcinee.org\/fr\/","logo":{"@type":"ImageObject","inLanguage":"fr-FR","@id":"https:\/\/dulcinee.org\/fr\/#\/schema\/logo\/image\/","url":"https:\/\/dulcinee.org\/wp-content\/uploads\/2018\/04\/Cloud-LOGO.png","contentUrl":"https:\/\/dulcinee.org\/wp-content\/uploads\/2018\/04\/Cloud-LOGO.png","width":504,"height":284,"caption":"Dulcin\u00e9e Langfelder & Cie"},"image":{"@id":"https:\/\/dulcinee.org\/fr\/#\/schema\/logo\/image\/"},"sameAs":["https:\/\/www.facebook.com\/dulcinee.org\/"]},{"@type":"Person","@id":"https:\/\/dulcinee.org\/fr\/#\/schema\/person\/f5a60a5d93802da6131186915f0c5432","name":"Site Admin","image":{"@type":"ImageObject","inLanguage":"fr-FR","@id":"https:\/\/dulcinee.org\/fr\/#\/schema\/person\/image\/","url":"https:\/\/secure.gravatar.com\/avatar\/e8477785fca0fe226b7a6bd367d2b492?s=96&d=mm&r=g","contentUrl":"https:\/\/secure.gravatar.com\/avatar\/e8477785fca0fe226b7a6bd367d2b492?s=96&d=mm&r=g","caption":"Site Admin"}}]}},"_links":{"self":[{"href":"https:\/\/dulcinee.org\/fr\/wp-json\/wp\/v2\/posts\/9227","targetHints":{"allow":["GET"]}}],"collection":[{"href":"https:\/\/dulcinee.org\/fr\/wp-json\/wp\/v2\/posts"}],"about":[{"href":"https:\/\/dulcinee.org\/fr\/wp-json\/wp\/v2\/types\/post"}],"author":[{"embeddable":true,"href":"https:\/\/dulcinee.org\/fr\/wp-json\/wp\/v2\/users\/7"}],"replies":[{"embeddable":true,"href":"https:\/\/dulcinee.org\/fr\/wp-json\/wp\/v2\/comments?post=9227"}],"version-history":[{"count":1,"href":"https:\/\/dulcinee.org\/fr\/wp-json\/wp\/v2\/posts\/9227\/revisions"}],"predecessor-version":[{"id":9228,"href":"https:\/\/dulcinee.org\/fr\/wp-json\/wp\/v2\/posts\/9227\/revisions\/9228"}],"wp:featuredmedia":[{"embeddable":true,"href":"https:\/\/dulcinee.org\/fr\/wp-json\/wp\/v2\/media\/9234"}],"wp:attachment":[{"href":"https:\/\/dulcinee.org\/fr\/wp-json\/wp\/v2\/media?parent=9227"}],"wp:term":[{"taxonomy":"category","embeddable":true,"href":"https:\/\/dulcinee.org\/fr\/wp-json\/wp\/v2\/categories?post=9227"},{"taxonomy":"post_tag","embeddable":true,"href":"https:\/\/dulcinee.org\/fr\/wp-json\/wp\/v2\/tags?post=9227"}],"curies":[{"name":"wp","href":"https:\/\/api.w.org\/{rel}","templated":true}]}}