{"id":9244,"date":"2020-01-31T19:42:51","date_gmt":"2020-01-31T19:42:51","guid":{"rendered":"https:\/\/dulcinee.org\/victoria-a-20-ans\/"},"modified":"2020-01-31T20:47:52","modified_gmt":"2020-01-31T20:47:52","slug":"victoria-a-20-ans","status":"publish","type":"post","link":"https:\/\/dulcinee.org\/fr\/victoria-a-20-ans\/","title":{"rendered":"Victoria a 20 ans!"},"content":{"rendered":"\n<h4 class=\"wp-block-heading\">Victoria a perdu la m\u00e9moire.&#13;\nVictoria est l\u2019ombre d\u2019elle-m\u00eame.<\/h4>\n\n<p>Le 24 janvier 2020, ce spectacle a c\u00e9l\u00e9br\u00e9 ses 20 ans d\u2019existence et les 35 ans de la compagnie Dulcin\u00e9e Langfelder &amp; Cie au Centre Culturel Notre Dame de Gr\u00e2ce \u00e0 Montr\u00e9al!<\/p>\n\n<p>Ce fut une soir\u00e9e sp\u00e9ciale, inoubliable, remplie de larmes et de rires. Preuve incontestable que ce spectacle continue \u00e0 toucher le public droit au c\u0153ur.<\/p>\n\n<figure class=\"wp-block-gallery columns-2 is-cropped wp-block-gallery-1 is-layout-flex wp-block-gallery-is-layout-flex\"><ul class=\"blocks-gallery-grid\"><li class=\"blocks-gallery-item\"><figure><img fetchpriority=\"high\" decoding=\"async\" width=\"1024\" height=\"683\" src=\"https:\/\/dulcinee.org\/wp-content\/uploads\/\/NSP-200124-0104-1024x683.jpg\" alt=\"\" data-id=\"9237\" data-full-url=\"https:\/\/dulcinee.org\/wp-content\/uploads\/NSP-200124-0104.jpg\" data-link=\"https:\/\/dulcinee.org\/?attachment_id=9237\" class=\"wp-image-9237\" srcset=\"https:\/\/dulcinee.org\/wp-content\/uploads\/NSP-200124-0104-1024x683.jpg 1024w, https:\/\/dulcinee.org\/wp-content\/uploads\/NSP-200124-0104-300x200.jpg 300w, https:\/\/dulcinee.org\/wp-content\/uploads\/NSP-200124-0104-768x512.jpg 768w, https:\/\/dulcinee.org\/wp-content\/uploads\/NSP-200124-0104-1536x1024.jpg 1536w, https:\/\/dulcinee.org\/wp-content\/uploads\/NSP-200124-0104-2048x1365.jpg 2048w\" sizes=\"(max-width: 1024px) 100vw, 1024px\" \/><\/figure><\/li><li class=\"blocks-gallery-item\"><figure><img decoding=\"async\" width=\"852\" height=\"1024\" src=\"https:\/\/dulcinee.org\/wp-content\/uploads\/\/NSP-200124-3840-852x1024.jpg\" alt=\"\" data-id=\"9239\" data-full-url=\"https:\/\/dulcinee.org\/wp-content\/uploads\/NSP-200124-3840.jpg\" data-link=\"https:\/\/dulcinee.org\/?attachment_id=9239\" class=\"wp-image-9239\" srcset=\"https:\/\/dulcinee.org\/wp-content\/uploads\/NSP-200124-3840-852x1024.jpg 852w, https:\/\/dulcinee.org\/wp-content\/uploads\/NSP-200124-3840-250x300.jpg 250w, https:\/\/dulcinee.org\/wp-content\/uploads\/NSP-200124-3840-768x923.jpg 768w, https:\/\/dulcinee.org\/wp-content\/uploads\/NSP-200124-3840-1278x1536.jpg 1278w, https:\/\/dulcinee.org\/wp-content\/uploads\/NSP-200124-3840-1704x2048.jpg 1704w, https:\/\/dulcinee.org\/wp-content\/uploads\/NSP-200124-3840.jpg 1747w\" sizes=\"(max-width: 852px) 100vw, 852px\" \/><figcaption class=\"blocks-gallery-item__caption\">Victoria et les pr\u00e9pos\u00e9s au fil du temps<\/figcaption><\/figure><\/li><\/ul><\/figure>\n\n<p>En cr\u00e9ant ce spectacle, Dulcin\u00e9e Langfelder souhaitait trouver une fa\u00e7on de parler de la vieillesse, de la perte des facult\u00e9s cognitives et de la mort, qui ne soit ni morbide, ni effrayante, ni d\u00e9primante.<\/p>\n\n<blockquote class=\"wp-block-quote has-text-align-center is-style-large is-layout-flow wp-block-quote-is-layout-flow\"><p><em>Elle a r\u00e9ussi !<\/em><\/p><\/blockquote>\n\n<p>En 20 ans de tourn\u00e9e internationale, Victoria a fait plus de 70 tourn\u00e9es, dans 15 pays, totalisant plus de 500 repr\u00e9sentations et d\u2019autant d\u2019ovations! Longue vie encore, Victoria!<\/p>\n","protected":false},"excerpt":{"rendered":"<p>Victoria a perdu la m\u00e9moire.&#13; Victoria est l\u2019ombre d\u2019elle-m\u00eame. Le 24 janvier 2020, ce spectacle a c\u00e9l\u00e9br\u00e9 ses 20 ans d\u2019existence et les 35 ans de la compagnie Dulcin\u00e9e Langfelder &amp; Cie au Centre Culturel Notre Dame de Gr\u00e2ce \u00e0 Montr\u00e9al! Ce fut une soir\u00e9e sp\u00e9ciale, inoubliable, remplie de larmes et de rires. Preuve incontestable [&hellip;]<\/p>\n","protected":false},"author":7,"featured_media":9240,"comment_status":"open","ping_status":"open","sticky":false,"template":"","format":"standard","meta":{"footnotes":""},"categories":[16],"tags":[138,129,87],"class_list":["post-9244","post","type-post","status-publish","format-standard","has-post-thumbnail","hentry","category-non-classifiee","tag-celebration","tag-spectacle","tag-victoria"],"yoast_head":"<!-- This site is optimized with the Yoast SEO plugin v24.6 - https:\/\/yoast.com\/wordpress\/plugins\/seo\/ -->\n<title>Victoria a 20 ans! | Dulcin\u00e9e Langfelder &amp; Cie<\/title>\n<meta name=\"description\" content=\"Le 24 janvier 2020, ce spectacle a c\u00e9l\u00e9br\u00e9 ses 20 ans d\u2019existence et les 35 ans de la compagnie Dulcin\u00e9e Langfelder &amp; Cie au Centre Culturel Notre Dame de Gr\u00e2ce \u00e0 Montr\u00e9al!\" \/>\n<meta name=\"robots\" content=\"index, follow, max-snippet:-1, max-image-preview:large, max-video-preview:-1\" \/>\n<link rel=\"canonical\" href=\"https:\/\/dulcinee.org\/fr\/victoria-a-20-ans\/\" \/>\n<meta property=\"og:locale\" content=\"fr_FR\" \/>\n<meta property=\"og:type\" content=\"article\" \/>\n<meta property=\"og:title\" content=\"Victoria a 20 ans! | Dulcin\u00e9e Langfelder &amp; Cie\" \/>\n<meta property=\"og:description\" content=\"Le 24 janvier 2020, ce spectacle a c\u00e9l\u00e9br\u00e9 ses 20 ans d\u2019existence et les 35 ans de la compagnie Dulcin\u00e9e Langfelder &amp; Cie au Centre Culturel Notre Dame de Gr\u00e2ce \u00e0 Montr\u00e9al!\" \/>\n<meta property=\"og:url\" content=\"https:\/\/dulcinee.org\/fr\/victoria-a-20-ans\/\" \/>\n<meta property=\"og:site_name\" content=\"Dulcin\u00e9e Langfelder &amp; Cie\" \/>\n<meta property=\"article:publisher\" content=\"https:\/\/www.facebook.com\/dulcinee.org\/\" \/>\n<meta property=\"article:published_time\" content=\"2020-01-31T19:42:51+00:00\" \/>\n<meta property=\"article:modified_time\" content=\"2020-01-31T20:47:52+00:00\" \/>\n<meta property=\"og:image\" content=\"https:\/\/dulcinee.org\/wp-content\/uploads\/NSP-200124-3840-852x1024.jpg\" \/>\n\t<meta property=\"og:image:width\" content=\"852\" \/>\n\t<meta property=\"og:image:height\" content=\"1024\" \/>\n\t<meta property=\"og:image:type\" content=\"image\/jpeg\" \/>\n<meta name=\"author\" content=\"Site Admin\" \/>\n<meta name=\"twitter:card\" content=\"summary_large_image\" \/>\n<meta name=\"twitter:label1\" content=\"\u00c9crit par\" \/>\n\t<meta name=\"twitter:data1\" content=\"Site Admin\" \/>\n\t<meta name=\"twitter:label2\" content=\"Dur\u00e9e de lecture estim\u00e9e\" \/>\n\t<meta name=\"twitter:data2\" content=\"1 minute\" \/>\n<script type=\"application\/ld+json\" class=\"yoast-schema-graph\">{\"@context\":\"https:\/\/schema.org\",\"@graph\":[{\"@type\":\"Article\",\"@id\":\"https:\/\/dulcinee.org\/fr\/victoria-a-20-ans\/#article\",\"isPartOf\":{\"@id\":\"https:\/\/dulcinee.org\/fr\/victoria-a-20-ans\/\"},\"author\":{\"name\":\"Site Admin\",\"@id\":\"https:\/\/dulcinee.org\/fr\/#\/schema\/person\/f5a60a5d93802da6131186915f0c5432\"},\"headline\":\"Victoria a 20 ans!\",\"datePublished\":\"2020-01-31T19:42:51+00:00\",\"dateModified\":\"2020-01-31T20:47:52+00:00\",\"mainEntityOfPage\":{\"@id\":\"https:\/\/dulcinee.org\/fr\/victoria-a-20-ans\/\"},\"wordCount\":158,\"commentCount\":0,\"publisher\":{\"@id\":\"https:\/\/dulcinee.org\/fr\/#organization\"},\"image\":{\"@id\":\"https:\/\/dulcinee.org\/fr\/victoria-a-20-ans\/#primaryimage\"},\"thumbnailUrl\":\"https:\/\/dulcinee.org\/wp-content\/uploads\/NSP-200124-3840.jpg\",\"keywords\":[\"Celebration\",\"Spectacle\",\"victoria\"],\"articleSection\":[\"Non classifi\u00e9(e)\"],\"inLanguage\":\"fr-FR\",\"potentialAction\":[{\"@type\":\"CommentAction\",\"name\":\"Comment\",\"target\":[\"https:\/\/dulcinee.org\/fr\/victoria-a-20-ans\/#respond\"]}]},{\"@type\":\"WebPage\",\"@id\":\"https:\/\/dulcinee.org\/fr\/victoria-a-20-ans\/\",\"url\":\"https:\/\/dulcinee.org\/fr\/victoria-a-20-ans\/\",\"name\":\"Victoria a 20 ans! | Dulcin\u00e9e Langfelder &amp; Cie\",\"isPartOf\":{\"@id\":\"https:\/\/dulcinee.org\/fr\/#website\"},\"primaryImageOfPage\":{\"@id\":\"https:\/\/dulcinee.org\/fr\/victoria-a-20-ans\/#primaryimage\"},\"image\":{\"@id\":\"https:\/\/dulcinee.org\/fr\/victoria-a-20-ans\/#primaryimage\"},\"thumbnailUrl\":\"https:\/\/dulcinee.org\/wp-content\/uploads\/NSP-200124-3840.jpg\",\"datePublished\":\"2020-01-31T19:42:51+00:00\",\"dateModified\":\"2020-01-31T20:47:52+00:00\",\"description\":\"Le 24 janvier 2020, ce spectacle a c\u00e9l\u00e9br\u00e9 ses 20 ans d\u2019existence et les 35 ans de la compagnie Dulcin\u00e9e Langfelder & Cie au Centre Culturel Notre Dame de Gr\u00e2ce \u00e0 Montr\u00e9al!\",\"breadcrumb\":{\"@id\":\"https:\/\/dulcinee.org\/fr\/victoria-a-20-ans\/#breadcrumb\"},\"inLanguage\":\"fr-FR\",\"potentialAction\":[{\"@type\":\"ReadAction\",\"target\":[\"https:\/\/dulcinee.org\/fr\/victoria-a-20-ans\/\"]}]},{\"@type\":\"ImageObject\",\"inLanguage\":\"fr-FR\",\"@id\":\"https:\/\/dulcinee.org\/fr\/victoria-a-20-ans\/#primaryimage\",\"url\":\"https:\/\/dulcinee.org\/wp-content\/uploads\/NSP-200124-3840.jpg\",\"contentUrl\":\"https:\/\/dulcinee.org\/wp-content\/uploads\/NSP-200124-3840.jpg\",\"width\":1747,\"height\":2100,\"caption\":\"Nicolas Segura\"},{\"@type\":\"BreadcrumbList\",\"@id\":\"https:\/\/dulcinee.org\/fr\/victoria-a-20-ans\/#breadcrumb\",\"itemListElement\":[{\"@type\":\"ListItem\",\"position\":1,\"name\":\"Home\",\"item\":\"https:\/\/dulcinee.org\/fr\/\"},{\"@type\":\"ListItem\",\"position\":2,\"name\":\"Victoria a 20 ans!\"}]},{\"@type\":\"WebSite\",\"@id\":\"https:\/\/dulcinee.org\/fr\/#website\",\"url\":\"https:\/\/dulcinee.org\/fr\/\",\"name\":\"Dulcin\u00e9e Langfelder &amp; Cie\",\"description\":\"Dulcinea Langfelder &amp; Co. is a non-profit organization that creates and performs multidisciplinary shows.\",\"publisher\":{\"@id\":\"https:\/\/dulcinee.org\/fr\/#organization\"},\"potentialAction\":[{\"@type\":\"SearchAction\",\"target\":{\"@type\":\"EntryPoint\",\"urlTemplate\":\"https:\/\/dulcinee.org\/fr\/?s={search_term_string}\"},\"query-input\":{\"@type\":\"PropertyValueSpecification\",\"valueRequired\":true,\"valueName\":\"search_term_string\"}}],\"inLanguage\":\"fr-FR\"},{\"@type\":\"Organization\",\"@id\":\"https:\/\/dulcinee.org\/fr\/#organization\",\"name\":\"Dulcin\u00e9e Langfelder & Cie\",\"url\":\"https:\/\/dulcinee.org\/fr\/\",\"logo\":{\"@type\":\"ImageObject\",\"inLanguage\":\"fr-FR\",\"@id\":\"https:\/\/dulcinee.org\/fr\/#\/schema\/logo\/image\/\",\"url\":\"https:\/\/dulcinee.org\/wp-content\/uploads\/2018\/04\/Cloud-LOGO.png\",\"contentUrl\":\"https:\/\/dulcinee.org\/wp-content\/uploads\/2018\/04\/Cloud-LOGO.png\",\"width\":504,\"height\":284,\"caption\":\"Dulcin\u00e9e Langfelder & Cie\"},\"image\":{\"@id\":\"https:\/\/dulcinee.org\/fr\/#\/schema\/logo\/image\/\"},\"sameAs\":[\"https:\/\/www.facebook.com\/dulcinee.org\/\"]},{\"@type\":\"Person\",\"@id\":\"https:\/\/dulcinee.org\/fr\/#\/schema\/person\/f5a60a5d93802da6131186915f0c5432\",\"name\":\"Site Admin\",\"image\":{\"@type\":\"ImageObject\",\"inLanguage\":\"fr-FR\",\"@id\":\"https:\/\/dulcinee.org\/fr\/#\/schema\/person\/image\/\",\"url\":\"https:\/\/secure.gravatar.com\/avatar\/e8477785fca0fe226b7a6bd367d2b492?s=96&d=mm&r=g\",\"contentUrl\":\"https:\/\/secure.gravatar.com\/avatar\/e8477785fca0fe226b7a6bd367d2b492?s=96&d=mm&r=g\",\"caption\":\"Site Admin\"}}]}<\/script>\n<!-- \/ Yoast SEO plugin. -->","yoast_head_json":{"title":"Victoria a 20 ans! | Dulcin\u00e9e Langfelder &amp; Cie","description":"Le 24 janvier 2020, ce spectacle a c\u00e9l\u00e9br\u00e9 ses 20 ans d\u2019existence et les 35 ans de la compagnie Dulcin\u00e9e Langfelder & Cie au Centre Culturel Notre Dame de Gr\u00e2ce \u00e0 Montr\u00e9al!","robots":{"index":"index","follow":"follow","max-snippet":"max-snippet:-1","max-image-preview":"max-image-preview:large","max-video-preview":"max-video-preview:-1"},"canonical":"https:\/\/dulcinee.org\/fr\/victoria-a-20-ans\/","og_locale":"fr_FR","og_type":"article","og_title":"Victoria a 20 ans! | Dulcin\u00e9e Langfelder &amp; Cie","og_description":"Le 24 janvier 2020, ce spectacle a c\u00e9l\u00e9br\u00e9 ses 20 ans d\u2019existence et les 35 ans de la compagnie Dulcin\u00e9e Langfelder & Cie au Centre Culturel Notre Dame de Gr\u00e2ce \u00e0 Montr\u00e9al!","og_url":"https:\/\/dulcinee.org\/fr\/victoria-a-20-ans\/","og_site_name":"Dulcin\u00e9e Langfelder &amp; Cie","article_publisher":"https:\/\/www.facebook.com\/dulcinee.org\/","article_published_time":"2020-01-31T19:42:51+00:00","article_modified_time":"2020-01-31T20:47:52+00:00","og_image":[{"width":852,"height":1024,"url":"https:\/\/dulcinee.org\/wp-content\/uploads\/NSP-200124-3840-852x1024.jpg","type":"image\/jpeg"}],"author":"Site Admin","twitter_card":"summary_large_image","twitter_misc":{"\u00c9crit par":"Site Admin","Dur\u00e9e de lecture estim\u00e9e":"1 minute"},"schema":{"@context":"https:\/\/schema.org","@graph":[{"@type":"Article","@id":"https:\/\/dulcinee.org\/fr\/victoria-a-20-ans\/#article","isPartOf":{"@id":"https:\/\/dulcinee.org\/fr\/victoria-a-20-ans\/"},"author":{"name":"Site Admin","@id":"https:\/\/dulcinee.org\/fr\/#\/schema\/person\/f5a60a5d93802da6131186915f0c5432"},"headline":"Victoria a 20 ans!","datePublished":"2020-01-31T19:42:51+00:00","dateModified":"2020-01-31T20:47:52+00:00","mainEntityOfPage":{"@id":"https:\/\/dulcinee.org\/fr\/victoria-a-20-ans\/"},"wordCount":158,"commentCount":0,"publisher":{"@id":"https:\/\/dulcinee.org\/fr\/#organization"},"image":{"@id":"https:\/\/dulcinee.org\/fr\/victoria-a-20-ans\/#primaryimage"},"thumbnailUrl":"https:\/\/dulcinee.org\/wp-content\/uploads\/NSP-200124-3840.jpg","keywords":["Celebration","Spectacle","victoria"],"articleSection":["Non classifi\u00e9(e)"],"inLanguage":"fr-FR","potentialAction":[{"@type":"CommentAction","name":"Comment","target":["https:\/\/dulcinee.org\/fr\/victoria-a-20-ans\/#respond"]}]},{"@type":"WebPage","@id":"https:\/\/dulcinee.org\/fr\/victoria-a-20-ans\/","url":"https:\/\/dulcinee.org\/fr\/victoria-a-20-ans\/","name":"Victoria a 20 ans! | Dulcin\u00e9e Langfelder &amp; Cie","isPartOf":{"@id":"https:\/\/dulcinee.org\/fr\/#website"},"primaryImageOfPage":{"@id":"https:\/\/dulcinee.org\/fr\/victoria-a-20-ans\/#primaryimage"},"image":{"@id":"https:\/\/dulcinee.org\/fr\/victoria-a-20-ans\/#primaryimage"},"thumbnailUrl":"https:\/\/dulcinee.org\/wp-content\/uploads\/NSP-200124-3840.jpg","datePublished":"2020-01-31T19:42:51+00:00","dateModified":"2020-01-31T20:47:52+00:00","description":"Le 24 janvier 2020, ce spectacle a c\u00e9l\u00e9br\u00e9 ses 20 ans d\u2019existence et les 35 ans de la compagnie Dulcin\u00e9e Langfelder & Cie au Centre Culturel Notre Dame de Gr\u00e2ce \u00e0 Montr\u00e9al!","breadcrumb":{"@id":"https:\/\/dulcinee.org\/fr\/victoria-a-20-ans\/#breadcrumb"},"inLanguage":"fr-FR","potentialAction":[{"@type":"ReadAction","target":["https:\/\/dulcinee.org\/fr\/victoria-a-20-ans\/"]}]},{"@type":"ImageObject","inLanguage":"fr-FR","@id":"https:\/\/dulcinee.org\/fr\/victoria-a-20-ans\/#primaryimage","url":"https:\/\/dulcinee.org\/wp-content\/uploads\/NSP-200124-3840.jpg","contentUrl":"https:\/\/dulcinee.org\/wp-content\/uploads\/NSP-200124-3840.jpg","width":1747,"height":2100,"caption":"Nicolas Segura"},{"@type":"BreadcrumbList","@id":"https:\/\/dulcinee.org\/fr\/victoria-a-20-ans\/#breadcrumb","itemListElement":[{"@type":"ListItem","position":1,"name":"Home","item":"https:\/\/dulcinee.org\/fr\/"},{"@type":"ListItem","position":2,"name":"Victoria a 20 ans!"}]},{"@type":"WebSite","@id":"https:\/\/dulcinee.org\/fr\/#website","url":"https:\/\/dulcinee.org\/fr\/","name":"Dulcin\u00e9e Langfelder &amp; Cie","description":"Dulcinea Langfelder &amp; Co. is a non-profit organization that creates and performs multidisciplinary shows.","publisher":{"@id":"https:\/\/dulcinee.org\/fr\/#organization"},"potentialAction":[{"@type":"SearchAction","target":{"@type":"EntryPoint","urlTemplate":"https:\/\/dulcinee.org\/fr\/?s={search_term_string}"},"query-input":{"@type":"PropertyValueSpecification","valueRequired":true,"valueName":"search_term_string"}}],"inLanguage":"fr-FR"},{"@type":"Organization","@id":"https:\/\/dulcinee.org\/fr\/#organization","name":"Dulcin\u00e9e Langfelder & Cie","url":"https:\/\/dulcinee.org\/fr\/","logo":{"@type":"ImageObject","inLanguage":"fr-FR","@id":"https:\/\/dulcinee.org\/fr\/#\/schema\/logo\/image\/","url":"https:\/\/dulcinee.org\/wp-content\/uploads\/2018\/04\/Cloud-LOGO.png","contentUrl":"https:\/\/dulcinee.org\/wp-content\/uploads\/2018\/04\/Cloud-LOGO.png","width":504,"height":284,"caption":"Dulcin\u00e9e Langfelder & Cie"},"image":{"@id":"https:\/\/dulcinee.org\/fr\/#\/schema\/logo\/image\/"},"sameAs":["https:\/\/www.facebook.com\/dulcinee.org\/"]},{"@type":"Person","@id":"https:\/\/dulcinee.org\/fr\/#\/schema\/person\/f5a60a5d93802da6131186915f0c5432","name":"Site Admin","image":{"@type":"ImageObject","inLanguage":"fr-FR","@id":"https:\/\/dulcinee.org\/fr\/#\/schema\/person\/image\/","url":"https:\/\/secure.gravatar.com\/avatar\/e8477785fca0fe226b7a6bd367d2b492?s=96&d=mm&r=g","contentUrl":"https:\/\/secure.gravatar.com\/avatar\/e8477785fca0fe226b7a6bd367d2b492?s=96&d=mm&r=g","caption":"Site Admin"}}]}},"_links":{"self":[{"href":"https:\/\/dulcinee.org\/fr\/wp-json\/wp\/v2\/posts\/9244","targetHints":{"allow":["GET"]}}],"collection":[{"href":"https:\/\/dulcinee.org\/fr\/wp-json\/wp\/v2\/posts"}],"about":[{"href":"https:\/\/dulcinee.org\/fr\/wp-json\/wp\/v2\/types\/post"}],"author":[{"embeddable":true,"href":"https:\/\/dulcinee.org\/fr\/wp-json\/wp\/v2\/users\/7"}],"replies":[{"embeddable":true,"href":"https:\/\/dulcinee.org\/fr\/wp-json\/wp\/v2\/comments?post=9244"}],"version-history":[{"count":1,"href":"https:\/\/dulcinee.org\/fr\/wp-json\/wp\/v2\/posts\/9244\/revisions"}],"predecessor-version":[{"id":9245,"href":"https:\/\/dulcinee.org\/fr\/wp-json\/wp\/v2\/posts\/9244\/revisions\/9245"}],"wp:featuredmedia":[{"embeddable":true,"href":"https:\/\/dulcinee.org\/fr\/wp-json\/wp\/v2\/media\/9240"}],"wp:attachment":[{"href":"https:\/\/dulcinee.org\/fr\/wp-json\/wp\/v2\/media?parent=9244"}],"wp:term":[{"taxonomy":"category","embeddable":true,"href":"https:\/\/dulcinee.org\/fr\/wp-json\/wp\/v2\/categories?post=9244"},{"taxonomy":"post_tag","embeddable":true,"href":"https:\/\/dulcinee.org\/fr\/wp-json\/wp\/v2\/tags?post=9244"}],"curies":[{"name":"wp","href":"https:\/\/api.w.org\/{rel}","templated":true}]}}