{"id":9667,"date":"2022-06-06T20:08:00","date_gmt":"2022-06-06T20:08:00","guid":{"rendered":"https:\/\/dulcinee.org\/dulcinee-recipiendaire-de-ordre-des-arts-et-des-lettres-du-quebec\/"},"modified":"2023-03-01T21:26:38","modified_gmt":"2023-03-01T21:26:38","slug":"dulcinee-recipiendaire-de-ordre-des-arts-et-des-lettres-du-quebec","status":"publish","type":"post","link":"https:\/\/dulcinee.org\/fr\/dulcinee-recipiendaire-de-ordre-des-arts-et-des-lettres-du-quebec\/","title":{"rendered":"Dulcin\u00e9e est r\u00e9cipiendaire de l\u2019Ordre des arts et des lettres du Qu\u00e9bec"},"content":{"rendered":"\n<h2 class=\"wp-block-heading\">Cohorte 2022<\/h2>\n\n<p>Dulcin\u00e9e Langfelder a re\u00e7u le titre de Compagne de l&rsquo;Ordre des arts et des lettres du Qu\u00e9bec. <\/p>\n\n<p>Cette prestigieuse distinction, accord\u00e9e par le Conseil des arts et des lettres du Qu\u00e9bec, rend hommage \u00e0 des personnalit\u00e9s du milieu culturel pour leur contribution remarquable \u00e0 l\u2019essor et \u00e0 la r\u00e9putation d\u2019excellence des arts et des lettres du Qu\u00e9bec ici et \u00e0 l\u2019\u00e9tranger. <\/p>\n\n<p>L\u2019\u00e9quipe de Dulcin\u00e9e Langfelder &amp; Cie f\u00e9licite chaleureusement la nomination de Dulcin\u00e9e \u00e0 ce titre dans la cat\u00e9gorie des arts multidisciplinaires. Apr\u00e8s plus de 35 ans de cr\u00e9ation et de tourn\u00e9e, dans 15 pays, le travail de Dulcin\u00e9e est reconnu dans le patrimoine artistique qu\u00e9b\u00e9cois et son importance est c\u00e9l\u00e9br\u00e9e. Bravo Dulcin\u00e9e!<\/p>\n\n<h2 class=\"wp-block-heading\">Photos de la c\u00e9r\u00e9monie &#8211; 6 juin 2022<\/h2>\n\n<figure class=\"wp-block-gallery has-nested-images columns-default is-cropped wp-block-gallery-1 is-layout-flex wp-block-gallery-is-layout-flex\">\n<figure class=\"wp-block-image size-large\"><img fetchpriority=\"high\" decoding=\"async\" width=\"1024\" height=\"683\" data-id=\"9693\" src=\"https:\/\/dulcinee.org\/wp-content\/uploads\/\/DSC04683-1024x683.jpg\" alt=\"\" class=\"wp-image-9693\" srcset=\"https:\/\/dulcinee.org\/wp-content\/uploads\/DSC04683-1024x683.jpg 1024w, https:\/\/dulcinee.org\/wp-content\/uploads\/DSC04683-300x200.jpg 300w, https:\/\/dulcinee.org\/wp-content\/uploads\/DSC04683-768x512.jpg 768w, https:\/\/dulcinee.org\/wp-content\/uploads\/DSC04683-1536x1024.jpg 1536w, https:\/\/dulcinee.org\/wp-content\/uploads\/DSC04683.jpg 1920w\" sizes=\"(max-width: 1024px) 100vw, 1024px\" \/><\/figure>\n\n\n\n<figure class=\"wp-block-image size-large\"><img decoding=\"async\" width=\"1024\" height=\"683\" data-id=\"9692\" src=\"https:\/\/dulcinee.org\/wp-content\/uploads\/\/DSC04706-1024x683.jpg\" alt=\"\" class=\"wp-image-9692\" srcset=\"https:\/\/dulcinee.org\/wp-content\/uploads\/DSC04706-1024x683.jpg 1024w, https:\/\/dulcinee.org\/wp-content\/uploads\/DSC04706-300x200.jpg 300w, https:\/\/dulcinee.org\/wp-content\/uploads\/DSC04706-768x512.jpg 768w, https:\/\/dulcinee.org\/wp-content\/uploads\/DSC04706-1536x1024.jpg 1536w, https:\/\/dulcinee.org\/wp-content\/uploads\/DSC04706.jpg 1920w\" sizes=\"(max-width: 1024px) 100vw, 1024px\" \/><\/figure>\n\n\n\n<figure class=\"wp-block-image size-large\"><img decoding=\"async\" width=\"1024\" height=\"683\" data-id=\"9698\" src=\"https:\/\/dulcinee.org\/wp-content\/uploads\/\/DSC04799-1024x683.jpg\" alt=\"\" class=\"wp-image-9698\" srcset=\"https:\/\/dulcinee.org\/wp-content\/uploads\/DSC04799-1024x683.jpg 1024w, https:\/\/dulcinee.org\/wp-content\/uploads\/DSC04799-300x200.jpg 300w, https:\/\/dulcinee.org\/wp-content\/uploads\/DSC04799-768x512.jpg 768w, https:\/\/dulcinee.org\/wp-content\/uploads\/DSC04799-1536x1024.jpg 1536w, https:\/\/dulcinee.org\/wp-content\/uploads\/DSC04799.jpg 1920w\" sizes=\"(max-width: 1024px) 100vw, 1024px\" \/><\/figure>\n\n\n\n<figure class=\"wp-block-image size-large\"><img loading=\"lazy\" decoding=\"async\" width=\"1024\" height=\"683\" data-id=\"9696\" src=\"https:\/\/dulcinee.org\/wp-content\/uploads\/\/DSC05123-1024x683.jpg\" alt=\"\" class=\"wp-image-9696\" srcset=\"https:\/\/dulcinee.org\/wp-content\/uploads\/DSC05123-1024x683.jpg 1024w, https:\/\/dulcinee.org\/wp-content\/uploads\/DSC05123-300x200.jpg 300w, https:\/\/dulcinee.org\/wp-content\/uploads\/DSC05123-768x512.jpg 768w, https:\/\/dulcinee.org\/wp-content\/uploads\/DSC05123-1536x1024.jpg 1536w, https:\/\/dulcinee.org\/wp-content\/uploads\/DSC05123.jpg 1920w\" sizes=\"(max-width: 1024px) 100vw, 1024px\" \/><\/figure>\n\n\n\n<figure class=\"wp-block-image size-large\"><img loading=\"lazy\" decoding=\"async\" width=\"1024\" height=\"683\" data-id=\"9701\" src=\"https:\/\/dulcinee.org\/wp-content\/uploads\/\/DSC04828-1024x683.jpg\" alt=\"\" class=\"wp-image-9701\" srcset=\"https:\/\/dulcinee.org\/wp-content\/uploads\/DSC04828-1024x683.jpg 1024w, https:\/\/dulcinee.org\/wp-content\/uploads\/DSC04828-300x200.jpg 300w, https:\/\/dulcinee.org\/wp-content\/uploads\/DSC04828-768x512.jpg 768w, https:\/\/dulcinee.org\/wp-content\/uploads\/DSC04828-1536x1024.jpg 1536w, https:\/\/dulcinee.org\/wp-content\/uploads\/DSC04828.jpg 1920w\" sizes=\"(max-width: 1024px) 100vw, 1024px\" \/><\/figure>\n\n\n\n<figure class=\"wp-block-image size-large\"><img loading=\"lazy\" decoding=\"async\" width=\"1024\" height=\"683\" data-id=\"9697\" src=\"https:\/\/dulcinee.org\/wp-content\/uploads\/DSC05599-1024x683.jpg\" alt=\"\" class=\"wp-image-9697\" srcset=\"https:\/\/dulcinee.org\/wp-content\/uploads\/DSC05599-1024x683.jpg 1024w, https:\/\/dulcinee.org\/wp-content\/uploads\/DSC05599-300x200.jpg 300w, https:\/\/dulcinee.org\/wp-content\/uploads\/DSC05599-768x512.jpg 768w, https:\/\/dulcinee.org\/wp-content\/uploads\/DSC05599-1536x1024.jpg 1536w, https:\/\/dulcinee.org\/wp-content\/uploads\/DSC05599.jpg 1920w\" sizes=\"(max-width: 1024px) 100vw, 1024px\" \/><\/figure>\n\n\n\n<figure class=\"wp-block-image size-large\"><img loading=\"lazy\" decoding=\"async\" width=\"1024\" height=\"683\" data-id=\"9690\" src=\"https:\/\/dulcinee.org\/wp-content\/uploads\/\/DSC07220-1024x683.jpg\" alt=\"\" class=\"wp-image-9690\" srcset=\"https:\/\/dulcinee.org\/wp-content\/uploads\/DSC07220-1024x683.jpg 1024w, https:\/\/dulcinee.org\/wp-content\/uploads\/DSC07220-300x200.jpg 300w, https:\/\/dulcinee.org\/wp-content\/uploads\/DSC07220-768x512.jpg 768w, https:\/\/dulcinee.org\/wp-content\/uploads\/DSC07220-1536x1024.jpg 1536w, https:\/\/dulcinee.org\/wp-content\/uploads\/DSC07220.jpg 1920w\" sizes=\"(max-width: 1024px) 100vw, 1024px\" \/><\/figure>\n<\/figure>\n\n<p><strong>Photo gallerie de la soir\u00e9r, <\/strong><a href=\"https:\/\/alexandreclaudephotographievideo.pixieset.com\/calq\/\" target=\"_blank\" rel=\"noreferrer noopener\"><strong>cliquez ici<\/strong><\/a><strong>.<\/strong><\/p>\n\n<p>Photo cr\u00e9dits : Arianne Bergeron \/ Alexandre Claude<\/p>\n\n<div class=\"wp-block-buttons alignfull is-content-justification-center is-layout-flex wp-container-core-buttons-is-layout-1 wp-block-buttons-is-layout-flex\">\n<div class=\"wp-block-button aligncenter has-custom-font-size has-medium-font-size\"><a class=\"wp-block-button__link has-white-color has-black-background-color has-text-color has-background\" style=\"border-radius:0px\" rel=\"https:\/\/www.youtube.com\/watch?v=ymC36YX4fpw \">Vid\u00e9o des discours<\/a><\/div>\n<\/div>\n\n<div class=\"wp-block-buttons alignfull is-layout-flex wp-block-buttons-is-layout-flex\">\n<div class=\"wp-block-button aligncenter has-custom-font-size has-medium-font-size\"><a class=\"wp-block-button__link has-white-color has-black-background-color has-text-color has-background\" style=\"border-radius:0px\" rel=\"https:\/\/www.calq.gouv.qc.ca\/actualites-et-publications\/actualites\/dulcinee-langfelder-oalq?utm_source=Openfield&amp;utm_medium=email&amp;utm_campaign=%C3%80%20l%27OEUVRE%20-%20Sp%C3%A9cial%20OALQ%202022 \">Hommage \u00e9crit<\/a><\/div>\n<\/div>\n\n<figure class=\"wp-block-image size-large\"><img loading=\"lazy\" decoding=\"async\" width=\"1024\" height=\"538\" src=\"https:\/\/dulcinee.org\/wp-content\/uploads\/\/23495-OALQ-Evenement_2022-Mosaique-1200x630px-V7FINALE-1024x538.jpg\" alt=\"\" class=\"wp-image-9663\" srcset=\"https:\/\/dulcinee.org\/wp-content\/uploads\/23495-OALQ-Evenement_2022-Mosaique-1200x630px-V7FINALE-1024x538.jpg 1024w, https:\/\/dulcinee.org\/wp-content\/uploads\/23495-OALQ-Evenement_2022-Mosaique-1200x630px-V7FINALE-300x158.jpg 300w, https:\/\/dulcinee.org\/wp-content\/uploads\/23495-OALQ-Evenement_2022-Mosaique-1200x630px-V7FINALE-768x403.jpg 768w, https:\/\/dulcinee.org\/wp-content\/uploads\/23495-OALQ-Evenement_2022-Mosaique-1200x630px-V7FINALE.jpg 1200w\" sizes=\"(max-width: 1024px) 100vw, 1024px\" \/><\/figure>\n\n<p><\/p>\n","protected":false},"excerpt":{"rendered":"<p>Cohorte 2022 Dulcin\u00e9e Langfelder a re\u00e7u le titre de Compagne de l&rsquo;Ordre des arts et des lettres du Qu\u00e9bec. Cette prestigieuse distinction, accord\u00e9e par le Conseil des arts et des lettres du Qu\u00e9bec, rend hommage \u00e0 des personnalit\u00e9s du milieu culturel pour leur contribution remarquable \u00e0 l\u2019essor et \u00e0 la r\u00e9putation d\u2019excellence des arts et [&hellip;]<\/p>\n","protected":false},"author":7,"featured_media":9661,"comment_status":"open","ping_status":"open","sticky":false,"template":"","format":"standard","meta":{"footnotes":""},"categories":[16],"tags":[118],"class_list":["post-9667","post","type-post","status-publish","format-standard","has-post-thumbnail","hentry","category-non-classifiee","tag-dulcinee"],"yoast_head":"<!-- This site is optimized with the Yoast SEO plugin v24.6 - https:\/\/yoast.com\/wordpress\/plugins\/seo\/ -->\n<title>Dulcin\u00e9e est r\u00e9cipiendaire de l\u2019Ordre des arts et des lettres du Qu\u00e9bec | Dulcin\u00e9e Langfelder &amp; Cie<\/title>\n<meta name=\"description\" content=\"Dulcin\u00e9e Langfelder vient de recevoir le titre de Compagne de l&#039;Ordre des arts et des lettres du Qu\u00e9bec, cohorte 2022.\" \/>\n<meta name=\"robots\" content=\"index, follow, max-snippet:-1, max-image-preview:large, max-video-preview:-1\" \/>\n<link rel=\"canonical\" href=\"https:\/\/dulcinee.org\/fr\/dulcinee-recipiendaire-de-ordre-des-arts-et-des-lettres-du-quebec\/\" \/>\n<meta property=\"og:locale\" content=\"fr_FR\" \/>\n<meta property=\"og:type\" content=\"article\" \/>\n<meta property=\"og:title\" content=\"Dulcin\u00e9e est r\u00e9cipiendaire de l\u2019Ordre des arts et des lettres du Qu\u00e9bec | Dulcin\u00e9e Langfelder &amp; Cie\" \/>\n<meta property=\"og:description\" content=\"Dulcin\u00e9e Langfelder vient de recevoir le titre de Compagne de l&#039;Ordre des arts et des lettres du Qu\u00e9bec, cohorte 2022.\" \/>\n<meta property=\"og:url\" content=\"https:\/\/dulcinee.org\/fr\/dulcinee-recipiendaire-de-ordre-des-arts-et-des-lettres-du-quebec\/\" \/>\n<meta property=\"og:site_name\" content=\"Dulcin\u00e9e Langfelder &amp; Cie\" \/>\n<meta property=\"article:publisher\" content=\"https:\/\/www.facebook.com\/dulcinee.org\/\" \/>\n<meta property=\"article:published_time\" content=\"2022-06-06T20:08:00+00:00\" \/>\n<meta property=\"article:modified_time\" content=\"2023-03-01T21:26:38+00:00\" \/>\n<meta property=\"og:image\" content=\"https:\/\/dulcinee.org\/wp-content\/uploads\/Publication_Facebook_1200x630-Dulcinee_Langfelder.jpg\" \/>\n\t<meta property=\"og:image:width\" content=\"1200\" \/>\n\t<meta property=\"og:image:height\" content=\"630\" \/>\n\t<meta property=\"og:image:type\" content=\"image\/jpeg\" \/>\n<meta name=\"author\" content=\"Site Admin\" \/>\n<meta name=\"twitter:card\" content=\"summary_large_image\" \/>\n<meta name=\"twitter:label1\" content=\"\u00c9crit par\" \/>\n\t<meta name=\"twitter:data1\" content=\"Site Admin\" \/>\n\t<meta name=\"twitter:label2\" content=\"Dur\u00e9e de lecture estim\u00e9e\" \/>\n\t<meta name=\"twitter:data2\" content=\"1 minute\" \/>\n<script type=\"application\/ld+json\" class=\"yoast-schema-graph\">{\"@context\":\"https:\/\/schema.org\",\"@graph\":[{\"@type\":\"Article\",\"@id\":\"https:\/\/dulcinee.org\/fr\/dulcinee-recipiendaire-de-ordre-des-arts-et-des-lettres-du-quebec\/#article\",\"isPartOf\":{\"@id\":\"https:\/\/dulcinee.org\/fr\/dulcinee-recipiendaire-de-ordre-des-arts-et-des-lettres-du-quebec\/\"},\"author\":{\"name\":\"Site Admin\",\"@id\":\"https:\/\/dulcinee.org\/fr\/#\/schema\/person\/f5a60a5d93802da6131186915f0c5432\"},\"headline\":\"Dulcin\u00e9e est r\u00e9cipiendaire de l\u2019Ordre des arts et des lettres du Qu\u00e9bec\",\"datePublished\":\"2022-06-06T20:08:00+00:00\",\"dateModified\":\"2023-03-01T21:26:38+00:00\",\"mainEntityOfPage\":{\"@id\":\"https:\/\/dulcinee.org\/fr\/dulcinee-recipiendaire-de-ordre-des-arts-et-des-lettres-du-quebec\/\"},\"wordCount\":179,\"commentCount\":0,\"publisher\":{\"@id\":\"https:\/\/dulcinee.org\/fr\/#organization\"},\"image\":{\"@id\":\"https:\/\/dulcinee.org\/fr\/dulcinee-recipiendaire-de-ordre-des-arts-et-des-lettres-du-quebec\/#primaryimage\"},\"thumbnailUrl\":\"https:\/\/dulcinee.org\/wp-content\/uploads\/Publication_Facebook_1200x630-Dulcinee_Langfelder.jpg\",\"keywords\":[\"Dulcin\u00e9e\"],\"articleSection\":[\"Non classifi\u00e9(e)\"],\"inLanguage\":\"fr-FR\",\"potentialAction\":[{\"@type\":\"CommentAction\",\"name\":\"Comment\",\"target\":[\"https:\/\/dulcinee.org\/fr\/dulcinee-recipiendaire-de-ordre-des-arts-et-des-lettres-du-quebec\/#respond\"]}]},{\"@type\":\"WebPage\",\"@id\":\"https:\/\/dulcinee.org\/fr\/dulcinee-recipiendaire-de-ordre-des-arts-et-des-lettres-du-quebec\/\",\"url\":\"https:\/\/dulcinee.org\/fr\/dulcinee-recipiendaire-de-ordre-des-arts-et-des-lettres-du-quebec\/\",\"name\":\"Dulcin\u00e9e est r\u00e9cipiendaire de l\u2019Ordre des arts et des lettres du Qu\u00e9bec | Dulcin\u00e9e Langfelder &amp; Cie\",\"isPartOf\":{\"@id\":\"https:\/\/dulcinee.org\/fr\/#website\"},\"primaryImageOfPage\":{\"@id\":\"https:\/\/dulcinee.org\/fr\/dulcinee-recipiendaire-de-ordre-des-arts-et-des-lettres-du-quebec\/#primaryimage\"},\"image\":{\"@id\":\"https:\/\/dulcinee.org\/fr\/dulcinee-recipiendaire-de-ordre-des-arts-et-des-lettres-du-quebec\/#primaryimage\"},\"thumbnailUrl\":\"https:\/\/dulcinee.org\/wp-content\/uploads\/Publication_Facebook_1200x630-Dulcinee_Langfelder.jpg\",\"datePublished\":\"2022-06-06T20:08:00+00:00\",\"dateModified\":\"2023-03-01T21:26:38+00:00\",\"description\":\"Dulcin\u00e9e Langfelder vient de recevoir le titre de Compagne de l'Ordre des arts et des lettres du Qu\u00e9bec, cohorte 2022.\",\"breadcrumb\":{\"@id\":\"https:\/\/dulcinee.org\/fr\/dulcinee-recipiendaire-de-ordre-des-arts-et-des-lettres-du-quebec\/#breadcrumb\"},\"inLanguage\":\"fr-FR\",\"potentialAction\":[{\"@type\":\"ReadAction\",\"target\":[\"https:\/\/dulcinee.org\/fr\/dulcinee-recipiendaire-de-ordre-des-arts-et-des-lettres-du-quebec\/\"]}]},{\"@type\":\"ImageObject\",\"inLanguage\":\"fr-FR\",\"@id\":\"https:\/\/dulcinee.org\/fr\/dulcinee-recipiendaire-de-ordre-des-arts-et-des-lettres-du-quebec\/#primaryimage\",\"url\":\"https:\/\/dulcinee.org\/wp-content\/uploads\/Publication_Facebook_1200x630-Dulcinee_Langfelder.jpg\",\"contentUrl\":\"https:\/\/dulcinee.org\/wp-content\/uploads\/Publication_Facebook_1200x630-Dulcinee_Langfelder.jpg\",\"width\":1200,\"height\":630,\"caption\":\"En t\u00eate avec Dulcin\u00e9e Langfelder\"},{\"@type\":\"BreadcrumbList\",\"@id\":\"https:\/\/dulcinee.org\/fr\/dulcinee-recipiendaire-de-ordre-des-arts-et-des-lettres-du-quebec\/#breadcrumb\",\"itemListElement\":[{\"@type\":\"ListItem\",\"position\":1,\"name\":\"Home\",\"item\":\"https:\/\/dulcinee.org\/fr\/\"},{\"@type\":\"ListItem\",\"position\":2,\"name\":\"Dulcin\u00e9e est r\u00e9cipiendaire de l\u2019Ordre des arts et des lettres du Qu\u00e9bec\"}]},{\"@type\":\"WebSite\",\"@id\":\"https:\/\/dulcinee.org\/fr\/#website\",\"url\":\"https:\/\/dulcinee.org\/fr\/\",\"name\":\"Dulcin\u00e9e Langfelder &amp; Cie\",\"description\":\"Dulcinea Langfelder &amp; Co. is a non-profit organization that creates and performs multidisciplinary shows.\",\"publisher\":{\"@id\":\"https:\/\/dulcinee.org\/fr\/#organization\"},\"potentialAction\":[{\"@type\":\"SearchAction\",\"target\":{\"@type\":\"EntryPoint\",\"urlTemplate\":\"https:\/\/dulcinee.org\/fr\/?s={search_term_string}\"},\"query-input\":{\"@type\":\"PropertyValueSpecification\",\"valueRequired\":true,\"valueName\":\"search_term_string\"}}],\"inLanguage\":\"fr-FR\"},{\"@type\":\"Organization\",\"@id\":\"https:\/\/dulcinee.org\/fr\/#organization\",\"name\":\"Dulcin\u00e9e Langfelder & Cie\",\"url\":\"https:\/\/dulcinee.org\/fr\/\",\"logo\":{\"@type\":\"ImageObject\",\"inLanguage\":\"fr-FR\",\"@id\":\"https:\/\/dulcinee.org\/fr\/#\/schema\/logo\/image\/\",\"url\":\"https:\/\/dulcinee.org\/wp-content\/uploads\/2018\/04\/Cloud-LOGO.png\",\"contentUrl\":\"https:\/\/dulcinee.org\/wp-content\/uploads\/2018\/04\/Cloud-LOGO.png\",\"width\":504,\"height\":284,\"caption\":\"Dulcin\u00e9e Langfelder & Cie\"},\"image\":{\"@id\":\"https:\/\/dulcinee.org\/fr\/#\/schema\/logo\/image\/\"},\"sameAs\":[\"https:\/\/www.facebook.com\/dulcinee.org\/\"]},{\"@type\":\"Person\",\"@id\":\"https:\/\/dulcinee.org\/fr\/#\/schema\/person\/f5a60a5d93802da6131186915f0c5432\",\"name\":\"Site Admin\",\"image\":{\"@type\":\"ImageObject\",\"inLanguage\":\"fr-FR\",\"@id\":\"https:\/\/dulcinee.org\/fr\/#\/schema\/person\/image\/\",\"url\":\"https:\/\/secure.gravatar.com\/avatar\/e8477785fca0fe226b7a6bd367d2b492?s=96&d=mm&r=g\",\"contentUrl\":\"https:\/\/secure.gravatar.com\/avatar\/e8477785fca0fe226b7a6bd367d2b492?s=96&d=mm&r=g\",\"caption\":\"Site Admin\"}}]}<\/script>\n<!-- \/ Yoast SEO plugin. -->","yoast_head_json":{"title":"Dulcin\u00e9e est r\u00e9cipiendaire de l\u2019Ordre des arts et des lettres du Qu\u00e9bec | Dulcin\u00e9e Langfelder &amp; Cie","description":"Dulcin\u00e9e Langfelder vient de recevoir le titre de Compagne de l'Ordre des arts et des lettres du Qu\u00e9bec, cohorte 2022.","robots":{"index":"index","follow":"follow","max-snippet":"max-snippet:-1","max-image-preview":"max-image-preview:large","max-video-preview":"max-video-preview:-1"},"canonical":"https:\/\/dulcinee.org\/fr\/dulcinee-recipiendaire-de-ordre-des-arts-et-des-lettres-du-quebec\/","og_locale":"fr_FR","og_type":"article","og_title":"Dulcin\u00e9e est r\u00e9cipiendaire de l\u2019Ordre des arts et des lettres du Qu\u00e9bec | Dulcin\u00e9e Langfelder &amp; Cie","og_description":"Dulcin\u00e9e Langfelder vient de recevoir le titre de Compagne de l'Ordre des arts et des lettres du Qu\u00e9bec, cohorte 2022.","og_url":"https:\/\/dulcinee.org\/fr\/dulcinee-recipiendaire-de-ordre-des-arts-et-des-lettres-du-quebec\/","og_site_name":"Dulcin\u00e9e Langfelder &amp; Cie","article_publisher":"https:\/\/www.facebook.com\/dulcinee.org\/","article_published_time":"2022-06-06T20:08:00+00:00","article_modified_time":"2023-03-01T21:26:38+00:00","og_image":[{"width":1200,"height":630,"url":"https:\/\/dulcinee.org\/wp-content\/uploads\/Publication_Facebook_1200x630-Dulcinee_Langfelder.jpg","type":"image\/jpeg"}],"author":"Site Admin","twitter_card":"summary_large_image","twitter_misc":{"\u00c9crit par":"Site Admin","Dur\u00e9e de lecture estim\u00e9e":"1 minute"},"schema":{"@context":"https:\/\/schema.org","@graph":[{"@type":"Article","@id":"https:\/\/dulcinee.org\/fr\/dulcinee-recipiendaire-de-ordre-des-arts-et-des-lettres-du-quebec\/#article","isPartOf":{"@id":"https:\/\/dulcinee.org\/fr\/dulcinee-recipiendaire-de-ordre-des-arts-et-des-lettres-du-quebec\/"},"author":{"name":"Site Admin","@id":"https:\/\/dulcinee.org\/fr\/#\/schema\/person\/f5a60a5d93802da6131186915f0c5432"},"headline":"Dulcin\u00e9e est r\u00e9cipiendaire de l\u2019Ordre des arts et des lettres du Qu\u00e9bec","datePublished":"2022-06-06T20:08:00+00:00","dateModified":"2023-03-01T21:26:38+00:00","mainEntityOfPage":{"@id":"https:\/\/dulcinee.org\/fr\/dulcinee-recipiendaire-de-ordre-des-arts-et-des-lettres-du-quebec\/"},"wordCount":179,"commentCount":0,"publisher":{"@id":"https:\/\/dulcinee.org\/fr\/#organization"},"image":{"@id":"https:\/\/dulcinee.org\/fr\/dulcinee-recipiendaire-de-ordre-des-arts-et-des-lettres-du-quebec\/#primaryimage"},"thumbnailUrl":"https:\/\/dulcinee.org\/wp-content\/uploads\/Publication_Facebook_1200x630-Dulcinee_Langfelder.jpg","keywords":["Dulcin\u00e9e"],"articleSection":["Non classifi\u00e9(e)"],"inLanguage":"fr-FR","potentialAction":[{"@type":"CommentAction","name":"Comment","target":["https:\/\/dulcinee.org\/fr\/dulcinee-recipiendaire-de-ordre-des-arts-et-des-lettres-du-quebec\/#respond"]}]},{"@type":"WebPage","@id":"https:\/\/dulcinee.org\/fr\/dulcinee-recipiendaire-de-ordre-des-arts-et-des-lettres-du-quebec\/","url":"https:\/\/dulcinee.org\/fr\/dulcinee-recipiendaire-de-ordre-des-arts-et-des-lettres-du-quebec\/","name":"Dulcin\u00e9e est r\u00e9cipiendaire de l\u2019Ordre des arts et des lettres du Qu\u00e9bec | Dulcin\u00e9e Langfelder &amp; Cie","isPartOf":{"@id":"https:\/\/dulcinee.org\/fr\/#website"},"primaryImageOfPage":{"@id":"https:\/\/dulcinee.org\/fr\/dulcinee-recipiendaire-de-ordre-des-arts-et-des-lettres-du-quebec\/#primaryimage"},"image":{"@id":"https:\/\/dulcinee.org\/fr\/dulcinee-recipiendaire-de-ordre-des-arts-et-des-lettres-du-quebec\/#primaryimage"},"thumbnailUrl":"https:\/\/dulcinee.org\/wp-content\/uploads\/Publication_Facebook_1200x630-Dulcinee_Langfelder.jpg","datePublished":"2022-06-06T20:08:00+00:00","dateModified":"2023-03-01T21:26:38+00:00","description":"Dulcin\u00e9e Langfelder vient de recevoir le titre de Compagne de l'Ordre des arts et des lettres du Qu\u00e9bec, cohorte 2022.","breadcrumb":{"@id":"https:\/\/dulcinee.org\/fr\/dulcinee-recipiendaire-de-ordre-des-arts-et-des-lettres-du-quebec\/#breadcrumb"},"inLanguage":"fr-FR","potentialAction":[{"@type":"ReadAction","target":["https:\/\/dulcinee.org\/fr\/dulcinee-recipiendaire-de-ordre-des-arts-et-des-lettres-du-quebec\/"]}]},{"@type":"ImageObject","inLanguage":"fr-FR","@id":"https:\/\/dulcinee.org\/fr\/dulcinee-recipiendaire-de-ordre-des-arts-et-des-lettres-du-quebec\/#primaryimage","url":"https:\/\/dulcinee.org\/wp-content\/uploads\/Publication_Facebook_1200x630-Dulcinee_Langfelder.jpg","contentUrl":"https:\/\/dulcinee.org\/wp-content\/uploads\/Publication_Facebook_1200x630-Dulcinee_Langfelder.jpg","width":1200,"height":630,"caption":"En t\u00eate avec Dulcin\u00e9e Langfelder"},{"@type":"BreadcrumbList","@id":"https:\/\/dulcinee.org\/fr\/dulcinee-recipiendaire-de-ordre-des-arts-et-des-lettres-du-quebec\/#breadcrumb","itemListElement":[{"@type":"ListItem","position":1,"name":"Home","item":"https:\/\/dulcinee.org\/fr\/"},{"@type":"ListItem","position":2,"name":"Dulcin\u00e9e est r\u00e9cipiendaire de l\u2019Ordre des arts et des lettres du Qu\u00e9bec"}]},{"@type":"WebSite","@id":"https:\/\/dulcinee.org\/fr\/#website","url":"https:\/\/dulcinee.org\/fr\/","name":"Dulcin\u00e9e Langfelder &amp; Cie","description":"Dulcinea Langfelder &amp; Co. is a non-profit organization that creates and performs multidisciplinary shows.","publisher":{"@id":"https:\/\/dulcinee.org\/fr\/#organization"},"potentialAction":[{"@type":"SearchAction","target":{"@type":"EntryPoint","urlTemplate":"https:\/\/dulcinee.org\/fr\/?s={search_term_string}"},"query-input":{"@type":"PropertyValueSpecification","valueRequired":true,"valueName":"search_term_string"}}],"inLanguage":"fr-FR"},{"@type":"Organization","@id":"https:\/\/dulcinee.org\/fr\/#organization","name":"Dulcin\u00e9e Langfelder & Cie","url":"https:\/\/dulcinee.org\/fr\/","logo":{"@type":"ImageObject","inLanguage":"fr-FR","@id":"https:\/\/dulcinee.org\/fr\/#\/schema\/logo\/image\/","url":"https:\/\/dulcinee.org\/wp-content\/uploads\/2018\/04\/Cloud-LOGO.png","contentUrl":"https:\/\/dulcinee.org\/wp-content\/uploads\/2018\/04\/Cloud-LOGO.png","width":504,"height":284,"caption":"Dulcin\u00e9e Langfelder & Cie"},"image":{"@id":"https:\/\/dulcinee.org\/fr\/#\/schema\/logo\/image\/"},"sameAs":["https:\/\/www.facebook.com\/dulcinee.org\/"]},{"@type":"Person","@id":"https:\/\/dulcinee.org\/fr\/#\/schema\/person\/f5a60a5d93802da6131186915f0c5432","name":"Site Admin","image":{"@type":"ImageObject","inLanguage":"fr-FR","@id":"https:\/\/dulcinee.org\/fr\/#\/schema\/person\/image\/","url":"https:\/\/secure.gravatar.com\/avatar\/e8477785fca0fe226b7a6bd367d2b492?s=96&d=mm&r=g","contentUrl":"https:\/\/secure.gravatar.com\/avatar\/e8477785fca0fe226b7a6bd367d2b492?s=96&d=mm&r=g","caption":"Site Admin"}}]}},"_links":{"self":[{"href":"https:\/\/dulcinee.org\/fr\/wp-json\/wp\/v2\/posts\/9667","targetHints":{"allow":["GET"]}}],"collection":[{"href":"https:\/\/dulcinee.org\/fr\/wp-json\/wp\/v2\/posts"}],"about":[{"href":"https:\/\/dulcinee.org\/fr\/wp-json\/wp\/v2\/types\/post"}],"author":[{"embeddable":true,"href":"https:\/\/dulcinee.org\/fr\/wp-json\/wp\/v2\/users\/7"}],"replies":[{"embeddable":true,"href":"https:\/\/dulcinee.org\/fr\/wp-json\/wp\/v2\/comments?post=9667"}],"version-history":[{"count":5,"href":"https:\/\/dulcinee.org\/fr\/wp-json\/wp\/v2\/posts\/9667\/revisions"}],"predecessor-version":[{"id":9831,"href":"https:\/\/dulcinee.org\/fr\/wp-json\/wp\/v2\/posts\/9667\/revisions\/9831"}],"wp:featuredmedia":[{"embeddable":true,"href":"https:\/\/dulcinee.org\/fr\/wp-json\/wp\/v2\/media\/9661"}],"wp:attachment":[{"href":"https:\/\/dulcinee.org\/fr\/wp-json\/wp\/v2\/media?parent=9667"}],"wp:term":[{"taxonomy":"category","embeddable":true,"href":"https:\/\/dulcinee.org\/fr\/wp-json\/wp\/v2\/categories?post=9667"},{"taxonomy":"post_tag","embeddable":true,"href":"https:\/\/dulcinee.org\/fr\/wp-json\/wp\/v2\/tags?post=9667"}],"curies":[{"name":"wp","href":"https:\/\/api.w.org\/{rel}","templated":true}]}}