{"id":9845,"date":"2023-03-02T01:42:12","date_gmt":"2023-03-02T01:42:12","guid":{"rendered":"https:\/\/dulcinee.org\/victoria-au-festival-international-du-film-sur-lart\/"},"modified":"2023-03-02T02:08:48","modified_gmt":"2023-03-02T02:08:48","slug":"victoria-au-festival-international-du-film-sur-lart","status":"publish","type":"post","link":"https:\/\/dulcinee.org\/fr\/victoria-au-festival-international-du-film-sur-lart\/","title":{"rendered":"Victoria est \u00e0 la 41\u00e8me \u00e9dition du Festival International du film sur l\u2019art 2023"},"content":{"rendered":"\n<h2 class=\"wp-block-heading\"><strong>Victoria est en S\u00e9lection officielle \u2013 longs m\u00e9trages, de la 41\u1d49\u00a0\u00e9dition du Festival International du film sur l\u2019art (FIFA)<\/strong><\/h2>\n\n<h4 class=\"wp-block-heading\">Premi\u00e8re mondiale le 24 mars, \u00e0 20h00, au Mus\u00e9e McCord Stewart<\/h4>\n\n<p>Ayant perdu la m\u00e9moire, Victoria, 90 ans, vit intens\u00e9ment un pr\u00e9sent entrem\u00eal\u00e9 de souvenirs et d\u2019imagination, d\u2019humour et de fantaisie. Un regard sensible et tendre sur la perte des facult\u00e9s cognitives qui touche droit au c\u0153ur en apportant compr\u00e9hension et espoir. <\/p>\n\n<p><em>Victoria, le film<\/em>, est l\u2019adaptation de l\u2019\u0153uvre phare du m\u00eame nom, cr\u00e9\u00e9e pour la sc\u00e8ne en 1999 par Dulcin\u00e9e Langfelder, pionni\u00e8re de l&rsquo;art interdisciplinaire. En spectacle, <em>Victoria<\/em> a tourn\u00e9 dans 15 pays, en 7 langues, pendant plus 20 ans!<\/p>\n\n<p>La version film permet aujourd\u2019hui de voir ou de revoir cette \u0153uvre forte du patrimoine artistique qu\u00e9b\u00e9cois sur le grand \u00e9cran qui offre un d\u00e9licieux degr\u00e9 de d\u00e9tails jamais vu avant.   <\/p>\n\n<p>\u00c0 voir au Mus\u00e9e McCord Stewart, le 24 mars, \u00e0 20H00.<\/p>\n\n<p>Une discussion avec l\u2019artiste suivra la projection. <\/p>\n\n<p><\/p>\n\n<div class=\"wp-block-buttons has-custom-font-size has-medium-font-size is-horizontal is-content-justification-center is-layout-flex wp-container-core-buttons-is-layout-1 wp-block-buttons-is-layout-flex\">\n<div class=\"wp-block-button has-custom-width wp-block-button__width-50 has-custom-font-size is-style-outline has-medium-font-size is-style-outline--1\"><a class=\"wp-block-button__link has-black-color has-white-background-color has-text-color has-background wp-element-button\" style=\"border-radius:100px\" rel=\"https:\/\/lefifa.com\/en\/catalog\/victoria\">VOS BILLETS!<\/a><\/div>\n<\/div>\n\n<p>OU acc\u00e9der au film en ligne sur <a href=\"https:\/\/arts.film\/\">ARTS.FILM<\/a> du 24 mars au 2 avril !<\/p>\n","protected":false},"excerpt":{"rendered":"<p>Victoria est en S\u00e9lection officielle \u2013 longs m\u00e9trages, de la 41\u1d49\u00a0\u00e9dition du Festival International du film sur l\u2019art (FIFA) Premi\u00e8re mondiale le 24 mars, \u00e0 20h00, au Mus\u00e9e McCord Stewart Ayant perdu la m\u00e9moire, Victoria, 90 ans, vit intens\u00e9ment un pr\u00e9sent entrem\u00eal\u00e9 de souvenirs et d\u2019imagination, d\u2019humour et de fantaisie. Un regard sensible et tendre [&hellip;]<\/p>\n","protected":false},"author":7,"featured_media":9836,"comment_status":"open","ping_status":"open","sticky":false,"template":"","format":"standard","meta":{"footnotes":""},"categories":[16],"tags":[135,109],"class_list":["post-9845","post","type-post","status-publish","format-standard","has-post-thumbnail","hentry","category-non-classifiee","tag-montreal-fr","tag-victoria-fr"],"yoast_head":"<!-- This site is optimized with the Yoast SEO plugin v24.6 - https:\/\/yoast.com\/wordpress\/plugins\/seo\/ -->\n<title>Victoria est \u00e0 la 41\u00e8me \u00e9dition du Festival International du film sur l\u2019art 2023 | Dulcin\u00e9e Langfelder &amp; Cie<\/title>\n<meta name=\"description\" content=\"Victoria est en S\u00e9lection officielle \u00e0 la 41\u1d49\u00a0\u00e9dition du Festival International du film sur l\u2019art, avec une projection le 24 mars 2023 au Mus\u00e9e McCord Stewart \u00e0 Montr\u00e9al.\" \/>\n<meta name=\"robots\" content=\"index, follow, max-snippet:-1, max-image-preview:large, max-video-preview:-1\" \/>\n<link rel=\"canonical\" href=\"https:\/\/dulcinee.org\/fr\/victoria-au-festival-international-du-film-sur-lart\/\" \/>\n<meta property=\"og:locale\" content=\"fr_FR\" \/>\n<meta property=\"og:type\" content=\"article\" \/>\n<meta property=\"og:title\" content=\"Victoria est \u00e0 la 41\u00e8me \u00e9dition du Festival International du film sur l\u2019art 2023 | Dulcin\u00e9e Langfelder &amp; Cie\" \/>\n<meta property=\"og:description\" content=\"Victoria est en S\u00e9lection officielle \u00e0 la 41\u1d49\u00a0\u00e9dition du Festival International du film sur l\u2019art, avec une projection le 24 mars 2023 au Mus\u00e9e McCord Stewart \u00e0 Montr\u00e9al.\" \/>\n<meta property=\"og:url\" content=\"https:\/\/dulcinee.org\/fr\/victoria-au-festival-international-du-film-sur-lart\/\" \/>\n<meta property=\"og:site_name\" content=\"Dulcin\u00e9e Langfelder &amp; Cie\" \/>\n<meta property=\"article:publisher\" content=\"https:\/\/www.facebook.com\/dulcinee.org\/\" \/>\n<meta property=\"article:published_time\" content=\"2023-03-02T01:42:12+00:00\" \/>\n<meta property=\"article:modified_time\" content=\"2023-03-02T02:08:48+00:00\" \/>\n<meta property=\"og:image\" content=\"https:\/\/dulcinee.org\/wp-content\/uploads\/Lefifa_Affiche72_F-2.png\" \/>\n\t<meta property=\"og:image:width\" content=\"1728\" \/>\n\t<meta property=\"og:image:height\" content=\"2592\" \/>\n\t<meta property=\"og:image:type\" content=\"image\/png\" \/>\n<meta name=\"author\" content=\"Site Admin\" \/>\n<meta name=\"twitter:card\" content=\"summary_large_image\" \/>\n<meta name=\"twitter:label1\" content=\"\u00c9crit par\" \/>\n\t<meta name=\"twitter:data1\" content=\"Site Admin\" \/>\n\t<meta name=\"twitter:label2\" content=\"Dur\u00e9e de lecture estim\u00e9e\" \/>\n\t<meta name=\"twitter:data2\" content=\"1 minute\" \/>\n<script type=\"application\/ld+json\" class=\"yoast-schema-graph\">{\"@context\":\"https:\/\/schema.org\",\"@graph\":[{\"@type\":\"Article\",\"@id\":\"https:\/\/dulcinee.org\/fr\/victoria-au-festival-international-du-film-sur-lart\/#article\",\"isPartOf\":{\"@id\":\"https:\/\/dulcinee.org\/fr\/victoria-au-festival-international-du-film-sur-lart\/\"},\"author\":{\"name\":\"Site Admin\",\"@id\":\"https:\/\/dulcinee.org\/fr\/#\/schema\/person\/f5a60a5d93802da6131186915f0c5432\"},\"headline\":\"Victoria est \u00e0 la 41\u00e8me \u00e9dition du Festival International du film sur l\u2019art 2023\",\"datePublished\":\"2023-03-02T01:42:12+00:00\",\"dateModified\":\"2023-03-02T02:08:48+00:00\",\"mainEntityOfPage\":{\"@id\":\"https:\/\/dulcinee.org\/fr\/victoria-au-festival-international-du-film-sur-lart\/\"},\"wordCount\":206,\"commentCount\":0,\"publisher\":{\"@id\":\"https:\/\/dulcinee.org\/fr\/#organization\"},\"image\":{\"@id\":\"https:\/\/dulcinee.org\/fr\/victoria-au-festival-international-du-film-sur-lart\/#primaryimage\"},\"thumbnailUrl\":\"https:\/\/dulcinee.org\/wp-content\/uploads\/Lefifa_Affiche72_F-2.png\",\"keywords\":[\"Montreal\",\"victoria\"],\"articleSection\":[\"Non classifi\u00e9(e)\"],\"inLanguage\":\"fr-FR\",\"potentialAction\":[{\"@type\":\"CommentAction\",\"name\":\"Comment\",\"target\":[\"https:\/\/dulcinee.org\/fr\/victoria-au-festival-international-du-film-sur-lart\/#respond\"]}]},{\"@type\":\"WebPage\",\"@id\":\"https:\/\/dulcinee.org\/fr\/victoria-au-festival-international-du-film-sur-lart\/\",\"url\":\"https:\/\/dulcinee.org\/fr\/victoria-au-festival-international-du-film-sur-lart\/\",\"name\":\"Victoria est \u00e0 la 41\u00e8me \u00e9dition du Festival International du film sur l\u2019art 2023 | Dulcin\u00e9e Langfelder &amp; Cie\",\"isPartOf\":{\"@id\":\"https:\/\/dulcinee.org\/fr\/#website\"},\"primaryImageOfPage\":{\"@id\":\"https:\/\/dulcinee.org\/fr\/victoria-au-festival-international-du-film-sur-lart\/#primaryimage\"},\"image\":{\"@id\":\"https:\/\/dulcinee.org\/fr\/victoria-au-festival-international-du-film-sur-lart\/#primaryimage\"},\"thumbnailUrl\":\"https:\/\/dulcinee.org\/wp-content\/uploads\/Lefifa_Affiche72_F-2.png\",\"datePublished\":\"2023-03-02T01:42:12+00:00\",\"dateModified\":\"2023-03-02T02:08:48+00:00\",\"description\":\"Victoria est en S\u00e9lection officielle \u00e0 la 41\u1d49\u00a0\u00e9dition du Festival International du film sur l\u2019art, avec une projection le 24 mars 2023 au Mus\u00e9e McCord Stewart \u00e0 Montr\u00e9al.\",\"breadcrumb\":{\"@id\":\"https:\/\/dulcinee.org\/fr\/victoria-au-festival-international-du-film-sur-lart\/#breadcrumb\"},\"inLanguage\":\"fr-FR\",\"potentialAction\":[{\"@type\":\"ReadAction\",\"target\":[\"https:\/\/dulcinee.org\/fr\/victoria-au-festival-international-du-film-sur-lart\/\"]}]},{\"@type\":\"ImageObject\",\"inLanguage\":\"fr-FR\",\"@id\":\"https:\/\/dulcinee.org\/fr\/victoria-au-festival-international-du-film-sur-lart\/#primaryimage\",\"url\":\"https:\/\/dulcinee.org\/wp-content\/uploads\/Lefifa_Affiche72_F-2.png\",\"contentUrl\":\"https:\/\/dulcinee.org\/wp-content\/uploads\/Lefifa_Affiche72_F-2.png\",\"width\":1728,\"height\":2592},{\"@type\":\"BreadcrumbList\",\"@id\":\"https:\/\/dulcinee.org\/fr\/victoria-au-festival-international-du-film-sur-lart\/#breadcrumb\",\"itemListElement\":[{\"@type\":\"ListItem\",\"position\":1,\"name\":\"Home\",\"item\":\"https:\/\/dulcinee.org\/fr\/\"},{\"@type\":\"ListItem\",\"position\":2,\"name\":\"Victoria est \u00e0 la 41\u00e8me \u00e9dition du Festival International du film sur l\u2019art 2023\"}]},{\"@type\":\"WebSite\",\"@id\":\"https:\/\/dulcinee.org\/fr\/#website\",\"url\":\"https:\/\/dulcinee.org\/fr\/\",\"name\":\"Dulcin\u00e9e Langfelder &amp; Cie\",\"description\":\"Dulcinea Langfelder &amp; Co. is a non-profit organization that creates and performs multidisciplinary shows.\",\"publisher\":{\"@id\":\"https:\/\/dulcinee.org\/fr\/#organization\"},\"potentialAction\":[{\"@type\":\"SearchAction\",\"target\":{\"@type\":\"EntryPoint\",\"urlTemplate\":\"https:\/\/dulcinee.org\/fr\/?s={search_term_string}\"},\"query-input\":{\"@type\":\"PropertyValueSpecification\",\"valueRequired\":true,\"valueName\":\"search_term_string\"}}],\"inLanguage\":\"fr-FR\"},{\"@type\":\"Organization\",\"@id\":\"https:\/\/dulcinee.org\/fr\/#organization\",\"name\":\"Dulcin\u00e9e Langfelder & Cie\",\"url\":\"https:\/\/dulcinee.org\/fr\/\",\"logo\":{\"@type\":\"ImageObject\",\"inLanguage\":\"fr-FR\",\"@id\":\"https:\/\/dulcinee.org\/fr\/#\/schema\/logo\/image\/\",\"url\":\"https:\/\/dulcinee.org\/wp-content\/uploads\/2018\/04\/Cloud-LOGO.png\",\"contentUrl\":\"https:\/\/dulcinee.org\/wp-content\/uploads\/2018\/04\/Cloud-LOGO.png\",\"width\":504,\"height\":284,\"caption\":\"Dulcin\u00e9e Langfelder & Cie\"},\"image\":{\"@id\":\"https:\/\/dulcinee.org\/fr\/#\/schema\/logo\/image\/\"},\"sameAs\":[\"https:\/\/www.facebook.com\/dulcinee.org\/\"]},{\"@type\":\"Person\",\"@id\":\"https:\/\/dulcinee.org\/fr\/#\/schema\/person\/f5a60a5d93802da6131186915f0c5432\",\"name\":\"Site Admin\",\"image\":{\"@type\":\"ImageObject\",\"inLanguage\":\"fr-FR\",\"@id\":\"https:\/\/dulcinee.org\/fr\/#\/schema\/person\/image\/\",\"url\":\"https:\/\/secure.gravatar.com\/avatar\/e8477785fca0fe226b7a6bd367d2b492?s=96&d=mm&r=g\",\"contentUrl\":\"https:\/\/secure.gravatar.com\/avatar\/e8477785fca0fe226b7a6bd367d2b492?s=96&d=mm&r=g\",\"caption\":\"Site Admin\"}}]}<\/script>\n<!-- \/ Yoast SEO plugin. -->","yoast_head_json":{"title":"Victoria est \u00e0 la 41\u00e8me \u00e9dition du Festival International du film sur l\u2019art 2023 | Dulcin\u00e9e Langfelder &amp; Cie","description":"Victoria est en S\u00e9lection officielle \u00e0 la 41\u1d49\u00a0\u00e9dition du Festival International du film sur l\u2019art, avec une projection le 24 mars 2023 au Mus\u00e9e McCord Stewart \u00e0 Montr\u00e9al.","robots":{"index":"index","follow":"follow","max-snippet":"max-snippet:-1","max-image-preview":"max-image-preview:large","max-video-preview":"max-video-preview:-1"},"canonical":"https:\/\/dulcinee.org\/fr\/victoria-au-festival-international-du-film-sur-lart\/","og_locale":"fr_FR","og_type":"article","og_title":"Victoria est \u00e0 la 41\u00e8me \u00e9dition du Festival International du film sur l\u2019art 2023 | Dulcin\u00e9e Langfelder &amp; Cie","og_description":"Victoria est en S\u00e9lection officielle \u00e0 la 41\u1d49\u00a0\u00e9dition du Festival International du film sur l\u2019art, avec une projection le 24 mars 2023 au Mus\u00e9e McCord Stewart \u00e0 Montr\u00e9al.","og_url":"https:\/\/dulcinee.org\/fr\/victoria-au-festival-international-du-film-sur-lart\/","og_site_name":"Dulcin\u00e9e Langfelder &amp; Cie","article_publisher":"https:\/\/www.facebook.com\/dulcinee.org\/","article_published_time":"2023-03-02T01:42:12+00:00","article_modified_time":"2023-03-02T02:08:48+00:00","og_image":[{"width":1728,"height":2592,"url":"https:\/\/dulcinee.org\/wp-content\/uploads\/Lefifa_Affiche72_F-2.png","type":"image\/png"}],"author":"Site Admin","twitter_card":"summary_large_image","twitter_misc":{"\u00c9crit par":"Site Admin","Dur\u00e9e de lecture estim\u00e9e":"1 minute"},"schema":{"@context":"https:\/\/schema.org","@graph":[{"@type":"Article","@id":"https:\/\/dulcinee.org\/fr\/victoria-au-festival-international-du-film-sur-lart\/#article","isPartOf":{"@id":"https:\/\/dulcinee.org\/fr\/victoria-au-festival-international-du-film-sur-lart\/"},"author":{"name":"Site Admin","@id":"https:\/\/dulcinee.org\/fr\/#\/schema\/person\/f5a60a5d93802da6131186915f0c5432"},"headline":"Victoria est \u00e0 la 41\u00e8me \u00e9dition du Festival International du film sur l\u2019art 2023","datePublished":"2023-03-02T01:42:12+00:00","dateModified":"2023-03-02T02:08:48+00:00","mainEntityOfPage":{"@id":"https:\/\/dulcinee.org\/fr\/victoria-au-festival-international-du-film-sur-lart\/"},"wordCount":206,"commentCount":0,"publisher":{"@id":"https:\/\/dulcinee.org\/fr\/#organization"},"image":{"@id":"https:\/\/dulcinee.org\/fr\/victoria-au-festival-international-du-film-sur-lart\/#primaryimage"},"thumbnailUrl":"https:\/\/dulcinee.org\/wp-content\/uploads\/Lefifa_Affiche72_F-2.png","keywords":["Montreal","victoria"],"articleSection":["Non classifi\u00e9(e)"],"inLanguage":"fr-FR","potentialAction":[{"@type":"CommentAction","name":"Comment","target":["https:\/\/dulcinee.org\/fr\/victoria-au-festival-international-du-film-sur-lart\/#respond"]}]},{"@type":"WebPage","@id":"https:\/\/dulcinee.org\/fr\/victoria-au-festival-international-du-film-sur-lart\/","url":"https:\/\/dulcinee.org\/fr\/victoria-au-festival-international-du-film-sur-lart\/","name":"Victoria est \u00e0 la 41\u00e8me \u00e9dition du Festival International du film sur l\u2019art 2023 | Dulcin\u00e9e Langfelder &amp; Cie","isPartOf":{"@id":"https:\/\/dulcinee.org\/fr\/#website"},"primaryImageOfPage":{"@id":"https:\/\/dulcinee.org\/fr\/victoria-au-festival-international-du-film-sur-lart\/#primaryimage"},"image":{"@id":"https:\/\/dulcinee.org\/fr\/victoria-au-festival-international-du-film-sur-lart\/#primaryimage"},"thumbnailUrl":"https:\/\/dulcinee.org\/wp-content\/uploads\/Lefifa_Affiche72_F-2.png","datePublished":"2023-03-02T01:42:12+00:00","dateModified":"2023-03-02T02:08:48+00:00","description":"Victoria est en S\u00e9lection officielle \u00e0 la 41\u1d49\u00a0\u00e9dition du Festival International du film sur l\u2019art, avec une projection le 24 mars 2023 au Mus\u00e9e McCord Stewart \u00e0 Montr\u00e9al.","breadcrumb":{"@id":"https:\/\/dulcinee.org\/fr\/victoria-au-festival-international-du-film-sur-lart\/#breadcrumb"},"inLanguage":"fr-FR","potentialAction":[{"@type":"ReadAction","target":["https:\/\/dulcinee.org\/fr\/victoria-au-festival-international-du-film-sur-lart\/"]}]},{"@type":"ImageObject","inLanguage":"fr-FR","@id":"https:\/\/dulcinee.org\/fr\/victoria-au-festival-international-du-film-sur-lart\/#primaryimage","url":"https:\/\/dulcinee.org\/wp-content\/uploads\/Lefifa_Affiche72_F-2.png","contentUrl":"https:\/\/dulcinee.org\/wp-content\/uploads\/Lefifa_Affiche72_F-2.png","width":1728,"height":2592},{"@type":"BreadcrumbList","@id":"https:\/\/dulcinee.org\/fr\/victoria-au-festival-international-du-film-sur-lart\/#breadcrumb","itemListElement":[{"@type":"ListItem","position":1,"name":"Home","item":"https:\/\/dulcinee.org\/fr\/"},{"@type":"ListItem","position":2,"name":"Victoria est \u00e0 la 41\u00e8me \u00e9dition du Festival International du film sur l\u2019art 2023"}]},{"@type":"WebSite","@id":"https:\/\/dulcinee.org\/fr\/#website","url":"https:\/\/dulcinee.org\/fr\/","name":"Dulcin\u00e9e Langfelder &amp; Cie","description":"Dulcinea Langfelder &amp; Co. is a non-profit organization that creates and performs multidisciplinary shows.","publisher":{"@id":"https:\/\/dulcinee.org\/fr\/#organization"},"potentialAction":[{"@type":"SearchAction","target":{"@type":"EntryPoint","urlTemplate":"https:\/\/dulcinee.org\/fr\/?s={search_term_string}"},"query-input":{"@type":"PropertyValueSpecification","valueRequired":true,"valueName":"search_term_string"}}],"inLanguage":"fr-FR"},{"@type":"Organization","@id":"https:\/\/dulcinee.org\/fr\/#organization","name":"Dulcin\u00e9e Langfelder & Cie","url":"https:\/\/dulcinee.org\/fr\/","logo":{"@type":"ImageObject","inLanguage":"fr-FR","@id":"https:\/\/dulcinee.org\/fr\/#\/schema\/logo\/image\/","url":"https:\/\/dulcinee.org\/wp-content\/uploads\/2018\/04\/Cloud-LOGO.png","contentUrl":"https:\/\/dulcinee.org\/wp-content\/uploads\/2018\/04\/Cloud-LOGO.png","width":504,"height":284,"caption":"Dulcin\u00e9e Langfelder & Cie"},"image":{"@id":"https:\/\/dulcinee.org\/fr\/#\/schema\/logo\/image\/"},"sameAs":["https:\/\/www.facebook.com\/dulcinee.org\/"]},{"@type":"Person","@id":"https:\/\/dulcinee.org\/fr\/#\/schema\/person\/f5a60a5d93802da6131186915f0c5432","name":"Site Admin","image":{"@type":"ImageObject","inLanguage":"fr-FR","@id":"https:\/\/dulcinee.org\/fr\/#\/schema\/person\/image\/","url":"https:\/\/secure.gravatar.com\/avatar\/e8477785fca0fe226b7a6bd367d2b492?s=96&d=mm&r=g","contentUrl":"https:\/\/secure.gravatar.com\/avatar\/e8477785fca0fe226b7a6bd367d2b492?s=96&d=mm&r=g","caption":"Site Admin"}}]}},"_links":{"self":[{"href":"https:\/\/dulcinee.org\/fr\/wp-json\/wp\/v2\/posts\/9845","targetHints":{"allow":["GET"]}}],"collection":[{"href":"https:\/\/dulcinee.org\/fr\/wp-json\/wp\/v2\/posts"}],"about":[{"href":"https:\/\/dulcinee.org\/fr\/wp-json\/wp\/v2\/types\/post"}],"author":[{"embeddable":true,"href":"https:\/\/dulcinee.org\/fr\/wp-json\/wp\/v2\/users\/7"}],"replies":[{"embeddable":true,"href":"https:\/\/dulcinee.org\/fr\/wp-json\/wp\/v2\/comments?post=9845"}],"version-history":[{"count":1,"href":"https:\/\/dulcinee.org\/fr\/wp-json\/wp\/v2\/posts\/9845\/revisions"}],"predecessor-version":[{"id":9846,"href":"https:\/\/dulcinee.org\/fr\/wp-json\/wp\/v2\/posts\/9845\/revisions\/9846"}],"wp:featuredmedia":[{"embeddable":true,"href":"https:\/\/dulcinee.org\/fr\/wp-json\/wp\/v2\/media\/9836"}],"wp:attachment":[{"href":"https:\/\/dulcinee.org\/fr\/wp-json\/wp\/v2\/media?parent=9845"}],"wp:term":[{"taxonomy":"category","embeddable":true,"href":"https:\/\/dulcinee.org\/fr\/wp-json\/wp\/v2\/categories?post=9845"},{"taxonomy":"post_tag","embeddable":true,"href":"https:\/\/dulcinee.org\/fr\/wp-json\/wp\/v2\/tags?post=9845"}],"curies":[{"name":"wp","href":"https:\/\/api.w.org\/{rel}","templated":true}]}}