{"id":9875,"date":"2023-06-07T01:34:26","date_gmt":"2023-06-07T01:34:26","guid":{"rendered":"https:\/\/dulcinee.org\/victoria-est-a-la-41eme-edition-du-festival-international-du-film-sur-lart-2023\/"},"modified":"2023-06-07T01:52:46","modified_gmt":"2023-06-07T01:52:46","slug":"victoria-est-a-la-10e-edition-du-faff-2023","status":"publish","type":"post","link":"https:\/\/dulcinee.org\/fr\/victoria-est-a-la-10e-edition-du-faff-2023\/","title":{"rendered":"Victoria est \u00e0 la 10\u00e8me \u00e9dition du FAFF 2023"},"content":{"rendered":"\n<h2 class=\"wp-block-heading\"><strong>Victoria est en s\u00e9lection officielle \u00e0 la 10e \u00e9dition du Annual Fine Arts Film Festival (FAFF) \u00e0 Venice, Californie! <\/strong><\/h2>\n\n<h4 class=\"wp-block-heading\">Une premi\u00e8re am\u00e9ricaine le 10 juin \u00e0 17:00 au\u00a0Beyond Baroque Literary Arts Center.<\/h4>\n\n<p>On est ravi de faire partie de la s\u00e9lection officielle de la 10e \u00e9dition du Annual Fine Arts Film Festival (FAFF)! <\/p>\n\n<p>Victoria, sera pr\u00e9sent\u00e9 au public le 10 juin, dans la salle du Beyond Baroque Literary Arts Center \u00e0 Venice, en Californie. Ensuite, soit du 15 au 22 juin 2023 sur la plateforme Vimeo du FAFF. <\/p>\n\n<p>Le FAFF \u2013 un des plus grands festivals de films d\u2019art au monde \u2013 pr\u00e9sentera plus de 40 films dans sa programmation 2023. Plus de la moiti\u00e9 des films s\u00e9lectionn\u00e9s ont \u00e9t\u00e9 r\u00e9alis\u00e9s ou produits par des femmes. Les personnes issues de la diversit\u00e9 culturelle sont aussi pr\u00e9sentes soit \u00e0 l\u2019\u00e9cran ou pour avoir r\u00e9alis\u00e9, produit ou \u00e9crit un tiers des films \u00e0 l\u2019affiche.<\/p>\n\n<p>Une opportunit\u00e9 \u00e0 ne pas manquer pour visionner le film <\/p>\n\n<div class=\"wp-block-buttons has-custom-font-size has-medium-font-size is-horizontal is-content-justification-center is-layout-flex wp-container-core-buttons-is-layout-1 wp-block-buttons-is-layout-flex\">\n<div class=\"wp-block-button has-custom-width wp-block-button__width-50 has-custom-font-size is-style-outline has-medium-font-size is-style-outline--1\"><a class=\"wp-block-button__link has-black-color has-white-background-color has-text-color has-background wp-element-button\" href=\"https:\/\/www.veniceica.org\/faffstore?category=Event+Tickets\" style=\"border-radius:100px\" target=\"_blank\" rel=\"https:\/\/www.veniceica.org\/faffstore?category=Event+Tickets noopener\">VOS BILLETS!<\/a><\/div>\n<\/div>\n\n<p><\/p>\n","protected":false},"excerpt":{"rendered":"<p>Victoria est en s\u00e9lection officielle \u00e0 la 10e \u00e9dition du Annual Fine Arts Film Festival (FAFF) \u00e0 Venice, Californie! Une premi\u00e8re am\u00e9ricaine le 10 juin \u00e0 17:00 au\u00a0Beyond Baroque Literary Arts Center. On est ravi de faire partie de la s\u00e9lection officielle de la 10e \u00e9dition du Annual Fine Arts Film Festival (FAFF)! Victoria, sera [&hellip;]<\/p>\n","protected":false},"author":7,"featured_media":9879,"comment_status":"open","ping_status":"open","sticky":false,"template":"","format":"standard","meta":{"footnotes":""},"categories":[16],"tags":[135,109],"class_list":["post-9875","post","type-post","status-publish","format-standard","has-post-thumbnail","hentry","category-non-classifiee","tag-montreal-fr","tag-victoria-fr"],"yoast_head":"<!-- This site is optimized with the Yoast SEO plugin v24.6 - https:\/\/yoast.com\/wordpress\/plugins\/seo\/ -->\n<title>Victoria est \u00e0 la 10\u00e8me \u00e9dition du FAFF 2023 | Dulcin\u00e9e Langfelder &amp; Cie<\/title>\n<meta name=\"description\" content=\"Victoria est en s\u00e9lection officielle \u00e0 la 10e \u00e9dition du Annual Fine Arts Film Festival (FAFF) \u00e0 Venice, Californie!\" \/>\n<meta name=\"robots\" content=\"index, follow, max-snippet:-1, max-image-preview:large, max-video-preview:-1\" \/>\n<link rel=\"canonical\" href=\"https:\/\/dulcinee.org\/fr\/victoria-est-a-la-10e-edition-du-faff-2023\/\" \/>\n<meta property=\"og:locale\" content=\"fr_FR\" \/>\n<meta property=\"og:type\" content=\"article\" \/>\n<meta property=\"og:title\" content=\"Victoria est \u00e0 la 10\u00e8me \u00e9dition du FAFF 2023 | Dulcin\u00e9e Langfelder &amp; Cie\" \/>\n<meta property=\"og:description\" content=\"Victoria est en s\u00e9lection officielle \u00e0 la 10e \u00e9dition du Annual Fine Arts Film Festival (FAFF) \u00e0 Venice, Californie!\" \/>\n<meta property=\"og:url\" content=\"https:\/\/dulcinee.org\/fr\/victoria-est-a-la-10e-edition-du-faff-2023\/\" \/>\n<meta property=\"og:site_name\" content=\"Dulcin\u00e9e Langfelder &amp; Cie\" \/>\n<meta property=\"article:publisher\" content=\"https:\/\/www.facebook.com\/dulcinee.org\/\" \/>\n<meta property=\"article:published_time\" content=\"2023-06-07T01:34:26+00:00\" \/>\n<meta property=\"article:modified_time\" content=\"2023-06-07T01:52:46+00:00\" \/>\n<meta property=\"og:image\" content=\"https:\/\/dulcinee.org\/wp-content\/uploads\/FAFF-2023-poster-square.jpg\" \/>\n\t<meta property=\"og:image:width\" content=\"1200\" \/>\n\t<meta property=\"og:image:height\" content=\"1200\" \/>\n\t<meta property=\"og:image:type\" content=\"image\/jpeg\" \/>\n<meta name=\"author\" content=\"Site Admin\" \/>\n<meta name=\"twitter:card\" content=\"summary_large_image\" \/>\n<meta name=\"twitter:label1\" content=\"\u00c9crit par\" \/>\n\t<meta name=\"twitter:data1\" content=\"Site Admin\" \/>\n\t<meta name=\"twitter:label2\" content=\"Dur\u00e9e de lecture estim\u00e9e\" \/>\n\t<meta name=\"twitter:data2\" content=\"1 minute\" \/>\n<script type=\"application\/ld+json\" class=\"yoast-schema-graph\">{\"@context\":\"https:\/\/schema.org\",\"@graph\":[{\"@type\":\"Article\",\"@id\":\"https:\/\/dulcinee.org\/fr\/victoria-est-a-la-10e-edition-du-faff-2023\/#article\",\"isPartOf\":{\"@id\":\"https:\/\/dulcinee.org\/fr\/victoria-est-a-la-10e-edition-du-faff-2023\/\"},\"author\":{\"name\":\"Site Admin\",\"@id\":\"https:\/\/dulcinee.org\/fr\/#\/schema\/person\/f5a60a5d93802da6131186915f0c5432\"},\"headline\":\"Victoria est \u00e0 la 10\u00e8me \u00e9dition du FAFF 2023\",\"datePublished\":\"2023-06-07T01:34:26+00:00\",\"dateModified\":\"2023-06-07T01:52:46+00:00\",\"mainEntityOfPage\":{\"@id\":\"https:\/\/dulcinee.org\/fr\/victoria-est-a-la-10e-edition-du-faff-2023\/\"},\"wordCount\":170,\"commentCount\":0,\"publisher\":{\"@id\":\"https:\/\/dulcinee.org\/fr\/#organization\"},\"image\":{\"@id\":\"https:\/\/dulcinee.org\/fr\/victoria-est-a-la-10e-edition-du-faff-2023\/#primaryimage\"},\"thumbnailUrl\":\"https:\/\/dulcinee.org\/wp-content\/uploads\/FAFF-2023-poster-square.jpg\",\"keywords\":[\"Montreal\",\"victoria\"],\"articleSection\":[\"Non classifi\u00e9(e)\"],\"inLanguage\":\"fr-FR\",\"potentialAction\":[{\"@type\":\"CommentAction\",\"name\":\"Comment\",\"target\":[\"https:\/\/dulcinee.org\/fr\/victoria-est-a-la-10e-edition-du-faff-2023\/#respond\"]}]},{\"@type\":\"WebPage\",\"@id\":\"https:\/\/dulcinee.org\/fr\/victoria-est-a-la-10e-edition-du-faff-2023\/\",\"url\":\"https:\/\/dulcinee.org\/fr\/victoria-est-a-la-10e-edition-du-faff-2023\/\",\"name\":\"Victoria est \u00e0 la 10\u00e8me \u00e9dition du FAFF 2023 | Dulcin\u00e9e Langfelder &amp; Cie\",\"isPartOf\":{\"@id\":\"https:\/\/dulcinee.org\/fr\/#website\"},\"primaryImageOfPage\":{\"@id\":\"https:\/\/dulcinee.org\/fr\/victoria-est-a-la-10e-edition-du-faff-2023\/#primaryimage\"},\"image\":{\"@id\":\"https:\/\/dulcinee.org\/fr\/victoria-est-a-la-10e-edition-du-faff-2023\/#primaryimage\"},\"thumbnailUrl\":\"https:\/\/dulcinee.org\/wp-content\/uploads\/FAFF-2023-poster-square.jpg\",\"datePublished\":\"2023-06-07T01:34:26+00:00\",\"dateModified\":\"2023-06-07T01:52:46+00:00\",\"description\":\"Victoria est en s\u00e9lection officielle \u00e0 la 10e \u00e9dition du Annual Fine Arts Film Festival (FAFF) \u00e0 Venice, Californie!\",\"breadcrumb\":{\"@id\":\"https:\/\/dulcinee.org\/fr\/victoria-est-a-la-10e-edition-du-faff-2023\/#breadcrumb\"},\"inLanguage\":\"fr-FR\",\"potentialAction\":[{\"@type\":\"ReadAction\",\"target\":[\"https:\/\/dulcinee.org\/fr\/victoria-est-a-la-10e-edition-du-faff-2023\/\"]}]},{\"@type\":\"ImageObject\",\"inLanguage\":\"fr-FR\",\"@id\":\"https:\/\/dulcinee.org\/fr\/victoria-est-a-la-10e-edition-du-faff-2023\/#primaryimage\",\"url\":\"https:\/\/dulcinee.org\/wp-content\/uploads\/FAFF-2023-poster-square.jpg\",\"contentUrl\":\"https:\/\/dulcinee.org\/wp-content\/uploads\/FAFF-2023-poster-square.jpg\",\"width\":1200,\"height\":1200},{\"@type\":\"BreadcrumbList\",\"@id\":\"https:\/\/dulcinee.org\/fr\/victoria-est-a-la-10e-edition-du-faff-2023\/#breadcrumb\",\"itemListElement\":[{\"@type\":\"ListItem\",\"position\":1,\"name\":\"Home\",\"item\":\"https:\/\/dulcinee.org\/fr\/\"},{\"@type\":\"ListItem\",\"position\":2,\"name\":\"Victoria est \u00e0 la 10\u00e8me \u00e9dition du FAFF 2023\"}]},{\"@type\":\"WebSite\",\"@id\":\"https:\/\/dulcinee.org\/fr\/#website\",\"url\":\"https:\/\/dulcinee.org\/fr\/\",\"name\":\"Dulcin\u00e9e Langfelder &amp; Cie\",\"description\":\"Dulcinea Langfelder &amp; Co. is a non-profit organization that creates and performs multidisciplinary shows.\",\"publisher\":{\"@id\":\"https:\/\/dulcinee.org\/fr\/#organization\"},\"potentialAction\":[{\"@type\":\"SearchAction\",\"target\":{\"@type\":\"EntryPoint\",\"urlTemplate\":\"https:\/\/dulcinee.org\/fr\/?s={search_term_string}\"},\"query-input\":{\"@type\":\"PropertyValueSpecification\",\"valueRequired\":true,\"valueName\":\"search_term_string\"}}],\"inLanguage\":\"fr-FR\"},{\"@type\":\"Organization\",\"@id\":\"https:\/\/dulcinee.org\/fr\/#organization\",\"name\":\"Dulcin\u00e9e Langfelder & Cie\",\"url\":\"https:\/\/dulcinee.org\/fr\/\",\"logo\":{\"@type\":\"ImageObject\",\"inLanguage\":\"fr-FR\",\"@id\":\"https:\/\/dulcinee.org\/fr\/#\/schema\/logo\/image\/\",\"url\":\"https:\/\/dulcinee.org\/wp-content\/uploads\/2018\/04\/Cloud-LOGO.png\",\"contentUrl\":\"https:\/\/dulcinee.org\/wp-content\/uploads\/2018\/04\/Cloud-LOGO.png\",\"width\":504,\"height\":284,\"caption\":\"Dulcin\u00e9e Langfelder & Cie\"},\"image\":{\"@id\":\"https:\/\/dulcinee.org\/fr\/#\/schema\/logo\/image\/\"},\"sameAs\":[\"https:\/\/www.facebook.com\/dulcinee.org\/\"]},{\"@type\":\"Person\",\"@id\":\"https:\/\/dulcinee.org\/fr\/#\/schema\/person\/f5a60a5d93802da6131186915f0c5432\",\"name\":\"Site Admin\",\"image\":{\"@type\":\"ImageObject\",\"inLanguage\":\"fr-FR\",\"@id\":\"https:\/\/dulcinee.org\/fr\/#\/schema\/person\/image\/\",\"url\":\"https:\/\/secure.gravatar.com\/avatar\/e8477785fca0fe226b7a6bd367d2b492?s=96&d=mm&r=g\",\"contentUrl\":\"https:\/\/secure.gravatar.com\/avatar\/e8477785fca0fe226b7a6bd367d2b492?s=96&d=mm&r=g\",\"caption\":\"Site Admin\"}}]}<\/script>\n<!-- \/ Yoast SEO plugin. -->","yoast_head_json":{"title":"Victoria est \u00e0 la 10\u00e8me \u00e9dition du FAFF 2023 | Dulcin\u00e9e Langfelder &amp; Cie","description":"Victoria est en s\u00e9lection officielle \u00e0 la 10e \u00e9dition du Annual Fine Arts Film Festival (FAFF) \u00e0 Venice, Californie!","robots":{"index":"index","follow":"follow","max-snippet":"max-snippet:-1","max-image-preview":"max-image-preview:large","max-video-preview":"max-video-preview:-1"},"canonical":"https:\/\/dulcinee.org\/fr\/victoria-est-a-la-10e-edition-du-faff-2023\/","og_locale":"fr_FR","og_type":"article","og_title":"Victoria est \u00e0 la 10\u00e8me \u00e9dition du FAFF 2023 | Dulcin\u00e9e Langfelder &amp; Cie","og_description":"Victoria est en s\u00e9lection officielle \u00e0 la 10e \u00e9dition du Annual Fine Arts Film Festival (FAFF) \u00e0 Venice, Californie!","og_url":"https:\/\/dulcinee.org\/fr\/victoria-est-a-la-10e-edition-du-faff-2023\/","og_site_name":"Dulcin\u00e9e Langfelder &amp; Cie","article_publisher":"https:\/\/www.facebook.com\/dulcinee.org\/","article_published_time":"2023-06-07T01:34:26+00:00","article_modified_time":"2023-06-07T01:52:46+00:00","og_image":[{"width":1200,"height":1200,"url":"https:\/\/dulcinee.org\/wp-content\/uploads\/FAFF-2023-poster-square.jpg","type":"image\/jpeg"}],"author":"Site Admin","twitter_card":"summary_large_image","twitter_misc":{"\u00c9crit par":"Site Admin","Dur\u00e9e de lecture estim\u00e9e":"1 minute"},"schema":{"@context":"https:\/\/schema.org","@graph":[{"@type":"Article","@id":"https:\/\/dulcinee.org\/fr\/victoria-est-a-la-10e-edition-du-faff-2023\/#article","isPartOf":{"@id":"https:\/\/dulcinee.org\/fr\/victoria-est-a-la-10e-edition-du-faff-2023\/"},"author":{"name":"Site Admin","@id":"https:\/\/dulcinee.org\/fr\/#\/schema\/person\/f5a60a5d93802da6131186915f0c5432"},"headline":"Victoria est \u00e0 la 10\u00e8me \u00e9dition du FAFF 2023","datePublished":"2023-06-07T01:34:26+00:00","dateModified":"2023-06-07T01:52:46+00:00","mainEntityOfPage":{"@id":"https:\/\/dulcinee.org\/fr\/victoria-est-a-la-10e-edition-du-faff-2023\/"},"wordCount":170,"commentCount":0,"publisher":{"@id":"https:\/\/dulcinee.org\/fr\/#organization"},"image":{"@id":"https:\/\/dulcinee.org\/fr\/victoria-est-a-la-10e-edition-du-faff-2023\/#primaryimage"},"thumbnailUrl":"https:\/\/dulcinee.org\/wp-content\/uploads\/FAFF-2023-poster-square.jpg","keywords":["Montreal","victoria"],"articleSection":["Non classifi\u00e9(e)"],"inLanguage":"fr-FR","potentialAction":[{"@type":"CommentAction","name":"Comment","target":["https:\/\/dulcinee.org\/fr\/victoria-est-a-la-10e-edition-du-faff-2023\/#respond"]}]},{"@type":"WebPage","@id":"https:\/\/dulcinee.org\/fr\/victoria-est-a-la-10e-edition-du-faff-2023\/","url":"https:\/\/dulcinee.org\/fr\/victoria-est-a-la-10e-edition-du-faff-2023\/","name":"Victoria est \u00e0 la 10\u00e8me \u00e9dition du FAFF 2023 | Dulcin\u00e9e Langfelder &amp; Cie","isPartOf":{"@id":"https:\/\/dulcinee.org\/fr\/#website"},"primaryImageOfPage":{"@id":"https:\/\/dulcinee.org\/fr\/victoria-est-a-la-10e-edition-du-faff-2023\/#primaryimage"},"image":{"@id":"https:\/\/dulcinee.org\/fr\/victoria-est-a-la-10e-edition-du-faff-2023\/#primaryimage"},"thumbnailUrl":"https:\/\/dulcinee.org\/wp-content\/uploads\/FAFF-2023-poster-square.jpg","datePublished":"2023-06-07T01:34:26+00:00","dateModified":"2023-06-07T01:52:46+00:00","description":"Victoria est en s\u00e9lection officielle \u00e0 la 10e \u00e9dition du Annual Fine Arts Film Festival (FAFF) \u00e0 Venice, Californie!","breadcrumb":{"@id":"https:\/\/dulcinee.org\/fr\/victoria-est-a-la-10e-edition-du-faff-2023\/#breadcrumb"},"inLanguage":"fr-FR","potentialAction":[{"@type":"ReadAction","target":["https:\/\/dulcinee.org\/fr\/victoria-est-a-la-10e-edition-du-faff-2023\/"]}]},{"@type":"ImageObject","inLanguage":"fr-FR","@id":"https:\/\/dulcinee.org\/fr\/victoria-est-a-la-10e-edition-du-faff-2023\/#primaryimage","url":"https:\/\/dulcinee.org\/wp-content\/uploads\/FAFF-2023-poster-square.jpg","contentUrl":"https:\/\/dulcinee.org\/wp-content\/uploads\/FAFF-2023-poster-square.jpg","width":1200,"height":1200},{"@type":"BreadcrumbList","@id":"https:\/\/dulcinee.org\/fr\/victoria-est-a-la-10e-edition-du-faff-2023\/#breadcrumb","itemListElement":[{"@type":"ListItem","position":1,"name":"Home","item":"https:\/\/dulcinee.org\/fr\/"},{"@type":"ListItem","position":2,"name":"Victoria est \u00e0 la 10\u00e8me \u00e9dition du FAFF 2023"}]},{"@type":"WebSite","@id":"https:\/\/dulcinee.org\/fr\/#website","url":"https:\/\/dulcinee.org\/fr\/","name":"Dulcin\u00e9e Langfelder &amp; Cie","description":"Dulcinea Langfelder &amp; Co. is a non-profit organization that creates and performs multidisciplinary shows.","publisher":{"@id":"https:\/\/dulcinee.org\/fr\/#organization"},"potentialAction":[{"@type":"SearchAction","target":{"@type":"EntryPoint","urlTemplate":"https:\/\/dulcinee.org\/fr\/?s={search_term_string}"},"query-input":{"@type":"PropertyValueSpecification","valueRequired":true,"valueName":"search_term_string"}}],"inLanguage":"fr-FR"},{"@type":"Organization","@id":"https:\/\/dulcinee.org\/fr\/#organization","name":"Dulcin\u00e9e Langfelder & Cie","url":"https:\/\/dulcinee.org\/fr\/","logo":{"@type":"ImageObject","inLanguage":"fr-FR","@id":"https:\/\/dulcinee.org\/fr\/#\/schema\/logo\/image\/","url":"https:\/\/dulcinee.org\/wp-content\/uploads\/2018\/04\/Cloud-LOGO.png","contentUrl":"https:\/\/dulcinee.org\/wp-content\/uploads\/2018\/04\/Cloud-LOGO.png","width":504,"height":284,"caption":"Dulcin\u00e9e Langfelder & Cie"},"image":{"@id":"https:\/\/dulcinee.org\/fr\/#\/schema\/logo\/image\/"},"sameAs":["https:\/\/www.facebook.com\/dulcinee.org\/"]},{"@type":"Person","@id":"https:\/\/dulcinee.org\/fr\/#\/schema\/person\/f5a60a5d93802da6131186915f0c5432","name":"Site Admin","image":{"@type":"ImageObject","inLanguage":"fr-FR","@id":"https:\/\/dulcinee.org\/fr\/#\/schema\/person\/image\/","url":"https:\/\/secure.gravatar.com\/avatar\/e8477785fca0fe226b7a6bd367d2b492?s=96&d=mm&r=g","contentUrl":"https:\/\/secure.gravatar.com\/avatar\/e8477785fca0fe226b7a6bd367d2b492?s=96&d=mm&r=g","caption":"Site Admin"}}]}},"_links":{"self":[{"href":"https:\/\/dulcinee.org\/fr\/wp-json\/wp\/v2\/posts\/9875","targetHints":{"allow":["GET"]}}],"collection":[{"href":"https:\/\/dulcinee.org\/fr\/wp-json\/wp\/v2\/posts"}],"about":[{"href":"https:\/\/dulcinee.org\/fr\/wp-json\/wp\/v2\/types\/post"}],"author":[{"embeddable":true,"href":"https:\/\/dulcinee.org\/fr\/wp-json\/wp\/v2\/users\/7"}],"replies":[{"embeddable":true,"href":"https:\/\/dulcinee.org\/fr\/wp-json\/wp\/v2\/comments?post=9875"}],"version-history":[{"count":7,"href":"https:\/\/dulcinee.org\/fr\/wp-json\/wp\/v2\/posts\/9875\/revisions"}],"predecessor-version":[{"id":9888,"href":"https:\/\/dulcinee.org\/fr\/wp-json\/wp\/v2\/posts\/9875\/revisions\/9888"}],"wp:featuredmedia":[{"embeddable":true,"href":"https:\/\/dulcinee.org\/fr\/wp-json\/wp\/v2\/media\/9879"}],"wp:attachment":[{"href":"https:\/\/dulcinee.org\/fr\/wp-json\/wp\/v2\/media?parent=9875"}],"wp:term":[{"taxonomy":"category","embeddable":true,"href":"https:\/\/dulcinee.org\/fr\/wp-json\/wp\/v2\/categories?post=9875"},{"taxonomy":"post_tag","embeddable":true,"href":"https:\/\/dulcinee.org\/fr\/wp-json\/wp\/v2\/tags?post=9875"}],"curies":[{"name":"wp","href":"https:\/\/api.w.org\/{rel}","templated":true}]}}