{"id":9982,"date":"2025-02-11T01:06:17","date_gmt":"2025-02-11T01:06:17","guid":{"rendered":"https:\/\/dulcinee.org\/avis-de-deces\/"},"modified":"2025-02-11T01:18:36","modified_gmt":"2025-02-11T01:18:36","slug":"avis-de-deces","status":"publish","type":"post","link":"https:\/\/dulcinee.org\/fr\/avis-de-deces\/","title":{"rendered":"Avis de d\u00e9c\u00e8s"},"content":{"rendered":"\n<p>C&rsquo;est avec une profonde tristesse que nous annon\u00e7ons le d\u00e9c\u00e8s de Dulcin\u00e9e (Dulcy) Langfelder, artiste engag\u00e9e et pionni\u00e8re des arts interdisciplinaires. Le cancer de l\u2019ovaire qu\u2019elle combattait vigoureusement depuis 2018 l\u2019a finalement emport\u00e9e dimanche le 26 janvier 2025. Elle aurait eu 70 ans le 6 f\u00e9vrier prochain.<\/p>\n\n<p>New Yorkaise de naissance, Montr\u00e9alaise d\u2019adoption, son parcours exceptionnel a \u00e9t\u00e9 celui d\u2019une artiste \u00e9clectique rest\u00e9e fid\u00e8le \u00e0 une mission humaniste forte : aborder les dilemmes humains et abattre des barri\u00e8res dans le but d&rsquo;am\u00e9liorer le monde. \u00c0 la fondation de sa compagnie en 1985, ses cr\u00e9ations \u00e9taient consid\u00e9r\u00e9es inclassables car fusionnant danse, th\u00e9\u00e2tre, chant, mime, projection vid\u00e9o et multim\u00e9dia. Mais pour Dulcin\u00e9e, l\u2019imagination humaine n&rsquo;entrait pas dans une bo\u00eete; elle utiliserait une technique ou l\u2019autre, comme son imaginaire le lui indiquait.<\/p>\n\n<p>Dans ses cr\u00e9ations, Dulcin\u00e9e a abord\u00e9 de mani\u00e8re audacieuse et sensible les sujets les plus d\u00e9licats. L\u2019art qui fait du bien, la force int\u00e9rieure, l\u2019humour et une intelligence sensible constituent la palette avec laquelle elle a color\u00e9 ses \u0153uvres.  Elle-m\u00eame \u00e9tant le r\u00e9sultat d\u2019un m\u00e9tissage g\u00e9n\u00e9tique, culturel et artistique, elle a construit ses \u0153uvres comme autant de ponts favorisant la tol\u00e9rance entre les peuples, la r\u00e9conciliation interreligieuse, le rapprochement des g\u00e9n\u00e9rations et le d\u00e9passement de nos dilemmes humains. Avec ses propos artistiques \u00e0 port\u00e9e universelle, elle a largement rayonn\u00e9 \u00e0 l\u2019international, repr\u00e9sentant le Qu\u00e9bec dans les th\u00e9\u00e2tres et les festivals du monde, en plus de 125 tourn\u00e9es. La force de ses \u0153uvres a touch\u00e9 des milliers de spectateurs droit au c\u0153ur, leur laissant des empreintes \u00e9motionnelles profondes et inoubliables.<\/p>\n\n<p>Dulcin\u00e9e, r\u00e9compens\u00e9e par de nombreux prix dont l&rsquo;Ordre des arts et des lettres du Qu\u00e9bec, a produit 8 cr\u00e9ations originales : Cercle vicieux (1985), La Voisine (1989), Hockey! Ok? (1991), Portrait d\u2019une femme avec valise (1994), Victoria (1999), La Complainte de Dulcin\u00e9e (2008), Confidences sur l\u2019oreiller (2013). Finalement, Cheek to Cheek \u2013 l\u2019amour avec un grand C (2018) qui faisait un retour \u00e9mouvant sur l\u2019ensemble de sa carri\u00e8re, ne cachant rien du cancer qui l&rsquo;affectait.<\/p>\n\n<p>En marge de ses spectacles, Dulcin\u00e9e a donn\u00e9 des ateliers et des conf\u00e9rences s&rsquo;adressant aux a\u00een\u00e9s, aux proches de personnes atteintes d&rsquo;Alzheimer ou aux personnes menac\u00e9es par le cancer de l&rsquo;ovaire, afin d&rsquo;ouvrir le dialogue et le partage d&rsquo;exp\u00e9riences.<\/p>\n\n<p>En 2022, consid\u00e9rant que son \u0153uvre phare, Victoria, touchait toujours autant les spectateurs, m\u00eame apr\u00e8s 20 ans de tourn\u00e9e, Dulcin\u00e9e l\u2019a transpos\u00e9e en film afin que cette \u0153uvre lui survive et continue d\u2019\u00eatre utile \u00e0 la communaut\u00e9.<\/p>\n\n<p>Plus r\u00e9cemment, Cercle vicieux, sa toute premi\u00e8re \u0153uvre en 1985, celle-l\u00e0 m\u00eame qui l\u2019avait r\u00e9v\u00e9l\u00e9e au monde en tant qu\u2019artiste interdisciplinaire, a \u00e9t\u00e9 adapt\u00e9e en format 360\u00b0 pour diffusion en d\u00f4me et sortira en 2025. Une belle fa\u00e7on de boucler la boucle!<\/p>\n\n<p>Dulcin\u00e9e a \u00e9t\u00e9, et demeurera, une lumineuse source d\u2019inspiration pour des milliers de spectateurs, pour ses pairs, ses coll\u00e8gues et tous ses proches. Son h\u00e9ritage artistique et humaniste continuera de rayonner et de toucher les c\u0153urs. Elle nous manquera profond\u00e9ment.<\/p>\n\n<p><\/p>\n\n<div class=\"wp-block-group has-background is-layout-constrained wp-container-core-group-is-layout-1 wp-block-group-is-layout-constrained\" style=\"background-color:#3cc3d7;min-height:0px;margin-top:0;margin-bottom:0;padding-top:2%;padding-right:2%;padding-bottom:2%;padding-left:2%\">\n<p class=\"has-white-color has-text-color has-link-color has-medium-font-size wp-elements-ef0b3fddca55e043c280dc872269f82b\" style=\"margin-top:0;margin-right:0;margin-bottom:0;margin-left:0;padding-top:0;padding-right:0;padding-bottom:0;padding-left:0\"><span data-olk-copy-source=\"MessageBody\">Pour recevoir les informations sur l\u2019\u00e9v\u00e9nement hommage et comm\u00e9moration \u00e0 venir, faites parvenir vos coordonn\u00e9es \u00e0\u00a0<\/span><a class=\"x_link-build-content\" title=\"mailto:info@dulcinee.org\" href=\"mailto:info@dulcinee.org\" data-linkindex=\"0\"><b><u>info@dulcinee.org<\/u><\/b><\/a>.<\/p>\n\n\n\n<p class=\"has-white-color has-text-color has-link-color wp-elements-333728ebe071b00c0055212cb85bdf58\" style=\"margin-top:0;margin-right:0;margin-bottom:0;margin-left:0;padding-top:0;padding-right:0;padding-bottom:0;padding-left:0\"><\/p>\n\n\n\n<p class=\"has-white-color has-text-color has-link-color has-medium-font-size wp-elements-c0b469d09003a89ef2d319cd6cb63396\" style=\"margin-top:0;margin-right:0;margin-bottom:0;margin-left:0;padding-top:0;padding-right:0;padding-bottom:0;padding-left:0\"><span data-olk-copy-source=\"MessageBody\">Nous vous invitons aussi \u00e0 laisser un t\u00e9moignage dans le\u00a0<\/span><a class=\"x_link-build-content\" title=\"Protected by Outlook: https:\/\/go.dulcinee.org\/lnk\/AVYAAF_sBwsAAcp-cPoAAKgeXWcAAAAAHggAJk-SAA_x8wBnm4ZZwbDaX1JHTkiQNosIf72jxwAProw\/1\/q5GeHViNdtlhK3WQJPFK-Q\/aHR0cHM6Ly93d3cucmVsaWV6LXZvdXMuZnI_aW52aXRhdGlvbj1qZ0l1ZGsxYWlNYjBCUW5MSU5iaFRXNDlKNHRkbnVtZQ. Click or tap to follow the link.\" href=\"https:\/\/www.reliez-vous.fr\/auth\/invitation?key=jgIudk1aiMb0BQnLINbhTW49J4tdnume\" target=\"_blank\" rel=\"noopener noreferrer\" data-auth=\"Verified\" data-linkindex=\"1\"><b><u>livre d\u2019or<\/u><\/b><\/a>\u00a0\u00e0 sa m\u00e9moire.<\/p>\n\n\n\n<p class=\"has-white-color has-text-color has-link-color wp-elements-333728ebe071b00c0055212cb85bdf58\" style=\"margin-top:0;margin-right:0;margin-bottom:0;margin-left:0;padding-top:0;padding-right:0;padding-bottom:0;padding-left:0\"><\/p>\n\n\n\n<p class=\"has-white-color has-text-color has-link-color has-medium-font-size wp-elements-d602b1e838571b542ebe86a3a0bca611\" style=\"margin-top:0;margin-right:0;margin-bottom:0;margin-left:0;padding-top:0;padding-right:0;padding-bottom:0;padding-left:0\"><span data-olk-copy-source=\"MessageBody\">Si vous le souhaitez, et en continuit\u00e9 avec la d\u00e9marche de notre ch\u00e8re Dulcin\u00e9e, vous pouvez faire un don en sa m\u00e9moire \u00e0\u00a0<\/span><a class=\"x_link-build-content\" title=\"Protected by Outlook: https:\/\/go.dulcinee.org\/lnk\/AVYAAF_sBwsAAcp-cPoAAKgeXWcAAAAAHggAJk-SAA_x8wBnm4ZZwbDaX1JHTkiQNosIf72jxwAProw\/2\/-kFO_KhYqF-o3JjL9gZzRg\/aHR0cHM6Ly9zZWN1cmUub3ZhcmlhbmNhbmFkYS5vcmcvc2l0ZS9Eb25hdGlvbjI_ZGZfaWQ9MzUyNCYzNTI0LmRvbmF0aW9uPWZvcm0xJm1mY19wcmVmPVQmc19sb2NhbGU9ZnJfQ0E. Click or tap to follow the link.\" href=\"https:\/\/secure.ovariancanada.org\/site\/Donation2?df_id=3844&amp;3844.donation=form1&amp;mfc_pref=T\" target=\"_blank\" rel=\"noopener noreferrer\" data-auth=\"Verified\" data-linkindex=\"2\"><b><u>Cancer de l&rsquo;ovaire Canada<\/u><\/b><\/a>.<\/p>\n<\/div>\n\n<p><\/p>\n","protected":false},"excerpt":{"rendered":"<p>C&rsquo;est avec une profonde tristesse que nous annon\u00e7ons le d\u00e9c\u00e8s de Dulcin\u00e9e (Dulcy) Langfelder, artiste engag\u00e9e et pionni\u00e8re des arts interdisciplinaires. Le cancer de l\u2019ovaire qu\u2019elle combattait vigoureusement depuis 2018 l\u2019a finalement emport\u00e9e dimanche le 26 janvier 2025. Elle aurait eu 70 ans le 6 f\u00e9vrier prochain. New Yorkaise de naissance, Montr\u00e9alaise d\u2019adoption, son parcours [&hellip;]<\/p>\n","protected":false},"author":3,"featured_media":9783,"comment_status":"closed","ping_status":"open","sticky":false,"template":"","format":"standard","meta":{"footnotes":""},"categories":[16],"tags":[],"class_list":["post-9982","post","type-post","status-publish","format-standard","has-post-thumbnail","hentry","category-non-classifiee"],"yoast_head":"<!-- This site is optimized with the Yoast SEO plugin v24.6 - https:\/\/yoast.com\/wordpress\/plugins\/seo\/ -->\n<title>Avis de d\u00e9c\u00e8s | Dulcin\u00e9e Langfelder &amp; Cie<\/title>\n<meta name=\"description\" content=\"Apr\u00e8s un combat avec le cancer de l\u2019ovaire depuis 2018, Dulcin\u00e9e Langfelder est d\u00e9c\u00e9d\u00e9e dimanche le 26 janvier 2025.\" \/>\n<meta name=\"robots\" content=\"index, follow, max-snippet:-1, max-image-preview:large, max-video-preview:-1\" \/>\n<link rel=\"canonical\" href=\"https:\/\/dulcinee.org\/fr\/avis-de-deces\/\" \/>\n<meta property=\"og:locale\" content=\"fr_FR\" \/>\n<meta property=\"og:type\" content=\"article\" \/>\n<meta property=\"og:title\" content=\"Avis de d\u00e9c\u00e8s | Dulcin\u00e9e Langfelder &amp; Cie\" \/>\n<meta property=\"og:description\" content=\"Apr\u00e8s un combat avec le cancer de l\u2019ovaire depuis 2018, Dulcin\u00e9e Langfelder est d\u00e9c\u00e9d\u00e9e dimanche le 26 janvier 2025.\" \/>\n<meta property=\"og:url\" content=\"https:\/\/dulcinee.org\/fr\/avis-de-deces\/\" \/>\n<meta property=\"og:site_name\" content=\"Dulcin\u00e9e Langfelder &amp; Cie\" \/>\n<meta property=\"article:publisher\" content=\"https:\/\/www.facebook.com\/dulcinee.org\/\" \/>\n<meta property=\"article:published_time\" content=\"2025-02-11T01:06:17+00:00\" \/>\n<meta property=\"article:modified_time\" content=\"2025-02-11T01:18:36+00:00\" \/>\n<meta property=\"og:image\" content=\"https:\/\/dulcinee.org\/wp-content\/uploads\/Portrait-de-Dulcinee-Langfelder-par-Valerian-Mazataud_V2.jpg\" \/>\n\t<meta property=\"og:image:width\" content=\"2560\" \/>\n\t<meta property=\"og:image:height\" content=\"2560\" \/>\n\t<meta property=\"og:image:type\" content=\"image\/jpeg\" \/>\n<meta name=\"author\" content=\"Dulcinea\" \/>\n<meta name=\"twitter:card\" content=\"summary_large_image\" \/>\n<meta name=\"twitter:label1\" content=\"\u00c9crit par\" \/>\n\t<meta name=\"twitter:data1\" content=\"Dulcinea\" \/>\n\t<meta name=\"twitter:label2\" content=\"Dur\u00e9e de lecture estim\u00e9e\" \/>\n\t<meta name=\"twitter:data2\" content=\"3 minutes\" \/>\n<script type=\"application\/ld+json\" class=\"yoast-schema-graph\">{\"@context\":\"https:\/\/schema.org\",\"@graph\":[{\"@type\":\"Article\",\"@id\":\"https:\/\/dulcinee.org\/fr\/avis-de-deces\/#article\",\"isPartOf\":{\"@id\":\"https:\/\/dulcinee.org\/fr\/avis-de-deces\/\"},\"author\":{\"name\":\"Dulcinea\",\"@id\":\"https:\/\/dulcinee.org\/fr\/#\/schema\/person\/88c233e301d777eedb2e0db54f2bf2ba\"},\"headline\":\"Avis de d\u00e9c\u00e8s\",\"datePublished\":\"2025-02-11T01:06:17+00:00\",\"dateModified\":\"2025-02-11T01:18:36+00:00\",\"mainEntityOfPage\":{\"@id\":\"https:\/\/dulcinee.org\/fr\/avis-de-deces\/\"},\"wordCount\":640,\"publisher\":{\"@id\":\"https:\/\/dulcinee.org\/fr\/#organization\"},\"image\":{\"@id\":\"https:\/\/dulcinee.org\/fr\/avis-de-deces\/#primaryimage\"},\"thumbnailUrl\":\"https:\/\/dulcinee.org\/wp-content\/uploads\/Portrait-de-Dulcinee-Langfelder-par-Valerian-Mazataud_V2.jpg\",\"articleSection\":[\"Non classifi\u00e9(e)\"],\"inLanguage\":\"fr-FR\"},{\"@type\":\"WebPage\",\"@id\":\"https:\/\/dulcinee.org\/fr\/avis-de-deces\/\",\"url\":\"https:\/\/dulcinee.org\/fr\/avis-de-deces\/\",\"name\":\"Avis de d\u00e9c\u00e8s | Dulcin\u00e9e Langfelder &amp; Cie\",\"isPartOf\":{\"@id\":\"https:\/\/dulcinee.org\/fr\/#website\"},\"primaryImageOfPage\":{\"@id\":\"https:\/\/dulcinee.org\/fr\/avis-de-deces\/#primaryimage\"},\"image\":{\"@id\":\"https:\/\/dulcinee.org\/fr\/avis-de-deces\/#primaryimage\"},\"thumbnailUrl\":\"https:\/\/dulcinee.org\/wp-content\/uploads\/Portrait-de-Dulcinee-Langfelder-par-Valerian-Mazataud_V2.jpg\",\"datePublished\":\"2025-02-11T01:06:17+00:00\",\"dateModified\":\"2025-02-11T01:18:36+00:00\",\"description\":\"Apr\u00e8s un combat avec le cancer de l\u2019ovaire depuis 2018, Dulcin\u00e9e Langfelder est d\u00e9c\u00e9d\u00e9e dimanche le 26 janvier 2025.\",\"breadcrumb\":{\"@id\":\"https:\/\/dulcinee.org\/fr\/avis-de-deces\/#breadcrumb\"},\"inLanguage\":\"fr-FR\",\"potentialAction\":[{\"@type\":\"ReadAction\",\"target\":[\"https:\/\/dulcinee.org\/fr\/avis-de-deces\/\"]}]},{\"@type\":\"ImageObject\",\"inLanguage\":\"fr-FR\",\"@id\":\"https:\/\/dulcinee.org\/fr\/avis-de-deces\/#primaryimage\",\"url\":\"https:\/\/dulcinee.org\/wp-content\/uploads\/Portrait-de-Dulcinee-Langfelder-par-Valerian-Mazataud_V2.jpg\",\"contentUrl\":\"https:\/\/dulcinee.org\/wp-content\/uploads\/Portrait-de-Dulcinee-Langfelder-par-Valerian-Mazataud_V2.jpg\",\"width\":2560,\"height\":2560},{\"@type\":\"BreadcrumbList\",\"@id\":\"https:\/\/dulcinee.org\/fr\/avis-de-deces\/#breadcrumb\",\"itemListElement\":[{\"@type\":\"ListItem\",\"position\":1,\"name\":\"Home\",\"item\":\"https:\/\/dulcinee.org\/fr\/\"},{\"@type\":\"ListItem\",\"position\":2,\"name\":\"Avis de d\u00e9c\u00e8s\"}]},{\"@type\":\"WebSite\",\"@id\":\"https:\/\/dulcinee.org\/fr\/#website\",\"url\":\"https:\/\/dulcinee.org\/fr\/\",\"name\":\"Dulcin\u00e9e Langfelder &amp; Cie\",\"description\":\"Dulcinea Langfelder &amp; Co. is a non-profit organization that creates and performs multidisciplinary shows.\",\"publisher\":{\"@id\":\"https:\/\/dulcinee.org\/fr\/#organization\"},\"potentialAction\":[{\"@type\":\"SearchAction\",\"target\":{\"@type\":\"EntryPoint\",\"urlTemplate\":\"https:\/\/dulcinee.org\/fr\/?s={search_term_string}\"},\"query-input\":{\"@type\":\"PropertyValueSpecification\",\"valueRequired\":true,\"valueName\":\"search_term_string\"}}],\"inLanguage\":\"fr-FR\"},{\"@type\":\"Organization\",\"@id\":\"https:\/\/dulcinee.org\/fr\/#organization\",\"name\":\"Dulcin\u00e9e Langfelder & Cie\",\"url\":\"https:\/\/dulcinee.org\/fr\/\",\"logo\":{\"@type\":\"ImageObject\",\"inLanguage\":\"fr-FR\",\"@id\":\"https:\/\/dulcinee.org\/fr\/#\/schema\/logo\/image\/\",\"url\":\"https:\/\/dulcinee.org\/wp-content\/uploads\/2018\/04\/Cloud-LOGO.png\",\"contentUrl\":\"https:\/\/dulcinee.org\/wp-content\/uploads\/2018\/04\/Cloud-LOGO.png\",\"width\":504,\"height\":284,\"caption\":\"Dulcin\u00e9e Langfelder & Cie\"},\"image\":{\"@id\":\"https:\/\/dulcinee.org\/fr\/#\/schema\/logo\/image\/\"},\"sameAs\":[\"https:\/\/www.facebook.com\/dulcinee.org\/\"]},{\"@type\":\"Person\",\"@id\":\"https:\/\/dulcinee.org\/fr\/#\/schema\/person\/88c233e301d777eedb2e0db54f2bf2ba\",\"name\":\"Dulcinea\",\"image\":{\"@type\":\"ImageObject\",\"inLanguage\":\"fr-FR\",\"@id\":\"https:\/\/dulcinee.org\/fr\/#\/schema\/person\/image\/\",\"url\":\"https:\/\/secure.gravatar.com\/avatar\/6bad7bff9f0527c92976ed297373c60f?s=96&d=mm&r=g\",\"contentUrl\":\"https:\/\/secure.gravatar.com\/avatar\/6bad7bff9f0527c92976ed297373c60f?s=96&d=mm&r=g\",\"caption\":\"Dulcinea\"}}]}<\/script>\n<!-- \/ Yoast SEO plugin. -->","yoast_head_json":{"title":"Avis de d\u00e9c\u00e8s | Dulcin\u00e9e Langfelder &amp; Cie","description":"Apr\u00e8s un combat avec le cancer de l\u2019ovaire depuis 2018, Dulcin\u00e9e Langfelder est d\u00e9c\u00e9d\u00e9e dimanche le 26 janvier 2025.","robots":{"index":"index","follow":"follow","max-snippet":"max-snippet:-1","max-image-preview":"max-image-preview:large","max-video-preview":"max-video-preview:-1"},"canonical":"https:\/\/dulcinee.org\/fr\/avis-de-deces\/","og_locale":"fr_FR","og_type":"article","og_title":"Avis de d\u00e9c\u00e8s | Dulcin\u00e9e Langfelder &amp; Cie","og_description":"Apr\u00e8s un combat avec le cancer de l\u2019ovaire depuis 2018, Dulcin\u00e9e Langfelder est d\u00e9c\u00e9d\u00e9e dimanche le 26 janvier 2025.","og_url":"https:\/\/dulcinee.org\/fr\/avis-de-deces\/","og_site_name":"Dulcin\u00e9e Langfelder &amp; Cie","article_publisher":"https:\/\/www.facebook.com\/dulcinee.org\/","article_published_time":"2025-02-11T01:06:17+00:00","article_modified_time":"2025-02-11T01:18:36+00:00","og_image":[{"width":2560,"height":2560,"url":"https:\/\/dulcinee.org\/wp-content\/uploads\/Portrait-de-Dulcinee-Langfelder-par-Valerian-Mazataud_V2.jpg","type":"image\/jpeg"}],"author":"Dulcinea","twitter_card":"summary_large_image","twitter_misc":{"\u00c9crit par":"Dulcinea","Dur\u00e9e de lecture estim\u00e9e":"3 minutes"},"schema":{"@context":"https:\/\/schema.org","@graph":[{"@type":"Article","@id":"https:\/\/dulcinee.org\/fr\/avis-de-deces\/#article","isPartOf":{"@id":"https:\/\/dulcinee.org\/fr\/avis-de-deces\/"},"author":{"name":"Dulcinea","@id":"https:\/\/dulcinee.org\/fr\/#\/schema\/person\/88c233e301d777eedb2e0db54f2bf2ba"},"headline":"Avis de d\u00e9c\u00e8s","datePublished":"2025-02-11T01:06:17+00:00","dateModified":"2025-02-11T01:18:36+00:00","mainEntityOfPage":{"@id":"https:\/\/dulcinee.org\/fr\/avis-de-deces\/"},"wordCount":640,"publisher":{"@id":"https:\/\/dulcinee.org\/fr\/#organization"},"image":{"@id":"https:\/\/dulcinee.org\/fr\/avis-de-deces\/#primaryimage"},"thumbnailUrl":"https:\/\/dulcinee.org\/wp-content\/uploads\/Portrait-de-Dulcinee-Langfelder-par-Valerian-Mazataud_V2.jpg","articleSection":["Non classifi\u00e9(e)"],"inLanguage":"fr-FR"},{"@type":"WebPage","@id":"https:\/\/dulcinee.org\/fr\/avis-de-deces\/","url":"https:\/\/dulcinee.org\/fr\/avis-de-deces\/","name":"Avis de d\u00e9c\u00e8s | Dulcin\u00e9e Langfelder &amp; Cie","isPartOf":{"@id":"https:\/\/dulcinee.org\/fr\/#website"},"primaryImageOfPage":{"@id":"https:\/\/dulcinee.org\/fr\/avis-de-deces\/#primaryimage"},"image":{"@id":"https:\/\/dulcinee.org\/fr\/avis-de-deces\/#primaryimage"},"thumbnailUrl":"https:\/\/dulcinee.org\/wp-content\/uploads\/Portrait-de-Dulcinee-Langfelder-par-Valerian-Mazataud_V2.jpg","datePublished":"2025-02-11T01:06:17+00:00","dateModified":"2025-02-11T01:18:36+00:00","description":"Apr\u00e8s un combat avec le cancer de l\u2019ovaire depuis 2018, Dulcin\u00e9e Langfelder est d\u00e9c\u00e9d\u00e9e dimanche le 26 janvier 2025.","breadcrumb":{"@id":"https:\/\/dulcinee.org\/fr\/avis-de-deces\/#breadcrumb"},"inLanguage":"fr-FR","potentialAction":[{"@type":"ReadAction","target":["https:\/\/dulcinee.org\/fr\/avis-de-deces\/"]}]},{"@type":"ImageObject","inLanguage":"fr-FR","@id":"https:\/\/dulcinee.org\/fr\/avis-de-deces\/#primaryimage","url":"https:\/\/dulcinee.org\/wp-content\/uploads\/Portrait-de-Dulcinee-Langfelder-par-Valerian-Mazataud_V2.jpg","contentUrl":"https:\/\/dulcinee.org\/wp-content\/uploads\/Portrait-de-Dulcinee-Langfelder-par-Valerian-Mazataud_V2.jpg","width":2560,"height":2560},{"@type":"BreadcrumbList","@id":"https:\/\/dulcinee.org\/fr\/avis-de-deces\/#breadcrumb","itemListElement":[{"@type":"ListItem","position":1,"name":"Home","item":"https:\/\/dulcinee.org\/fr\/"},{"@type":"ListItem","position":2,"name":"Avis de d\u00e9c\u00e8s"}]},{"@type":"WebSite","@id":"https:\/\/dulcinee.org\/fr\/#website","url":"https:\/\/dulcinee.org\/fr\/","name":"Dulcin\u00e9e Langfelder &amp; Cie","description":"Dulcinea Langfelder &amp; Co. is a non-profit organization that creates and performs multidisciplinary shows.","publisher":{"@id":"https:\/\/dulcinee.org\/fr\/#organization"},"potentialAction":[{"@type":"SearchAction","target":{"@type":"EntryPoint","urlTemplate":"https:\/\/dulcinee.org\/fr\/?s={search_term_string}"},"query-input":{"@type":"PropertyValueSpecification","valueRequired":true,"valueName":"search_term_string"}}],"inLanguage":"fr-FR"},{"@type":"Organization","@id":"https:\/\/dulcinee.org\/fr\/#organization","name":"Dulcin\u00e9e Langfelder & Cie","url":"https:\/\/dulcinee.org\/fr\/","logo":{"@type":"ImageObject","inLanguage":"fr-FR","@id":"https:\/\/dulcinee.org\/fr\/#\/schema\/logo\/image\/","url":"https:\/\/dulcinee.org\/wp-content\/uploads\/2018\/04\/Cloud-LOGO.png","contentUrl":"https:\/\/dulcinee.org\/wp-content\/uploads\/2018\/04\/Cloud-LOGO.png","width":504,"height":284,"caption":"Dulcin\u00e9e Langfelder & Cie"},"image":{"@id":"https:\/\/dulcinee.org\/fr\/#\/schema\/logo\/image\/"},"sameAs":["https:\/\/www.facebook.com\/dulcinee.org\/"]},{"@type":"Person","@id":"https:\/\/dulcinee.org\/fr\/#\/schema\/person\/88c233e301d777eedb2e0db54f2bf2ba","name":"Dulcinea","image":{"@type":"ImageObject","inLanguage":"fr-FR","@id":"https:\/\/dulcinee.org\/fr\/#\/schema\/person\/image\/","url":"https:\/\/secure.gravatar.com\/avatar\/6bad7bff9f0527c92976ed297373c60f?s=96&d=mm&r=g","contentUrl":"https:\/\/secure.gravatar.com\/avatar\/6bad7bff9f0527c92976ed297373c60f?s=96&d=mm&r=g","caption":"Dulcinea"}}]}},"_links":{"self":[{"href":"https:\/\/dulcinee.org\/fr\/wp-json\/wp\/v2\/posts\/9982","targetHints":{"allow":["GET"]}}],"collection":[{"href":"https:\/\/dulcinee.org\/fr\/wp-json\/wp\/v2\/posts"}],"about":[{"href":"https:\/\/dulcinee.org\/fr\/wp-json\/wp\/v2\/types\/post"}],"author":[{"embeddable":true,"href":"https:\/\/dulcinee.org\/fr\/wp-json\/wp\/v2\/users\/3"}],"replies":[{"embeddable":true,"href":"https:\/\/dulcinee.org\/fr\/wp-json\/wp\/v2\/comments?post=9982"}],"version-history":[{"count":1,"href":"https:\/\/dulcinee.org\/fr\/wp-json\/wp\/v2\/posts\/9982\/revisions"}],"predecessor-version":[{"id":9983,"href":"https:\/\/dulcinee.org\/fr\/wp-json\/wp\/v2\/posts\/9982\/revisions\/9983"}],"wp:featuredmedia":[{"embeddable":true,"href":"https:\/\/dulcinee.org\/fr\/wp-json\/wp\/v2\/media\/9783"}],"wp:attachment":[{"href":"https:\/\/dulcinee.org\/fr\/wp-json\/wp\/v2\/media?parent=9982"}],"wp:term":[{"taxonomy":"category","embeddable":true,"href":"https:\/\/dulcinee.org\/fr\/wp-json\/wp\/v2\/categories?post=9982"},{"taxonomy":"post_tag","embeddable":true,"href":"https:\/\/dulcinee.org\/fr\/wp-json\/wp\/v2\/tags?post=9982"}],"curies":[{"name":"wp","href":"https:\/\/api.w.org\/{rel}","templated":true}]}}